{"id":2165,"date":"2024-11-21T22:58:06","date_gmt":"2024-11-21T21:58:06","guid":{"rendered":"https:\/\/periodicolarepublica.com\/?p=2165"},"modified":"2024-11-21T22:58:06","modified_gmt":"2024-11-21T21:58:06","slug":"dr-victor-atallah-asiste-al-xxvi-congreso-iberoamericano-de-enfermedad-cerebrovascular","status":"publish","type":"post","link":"https:\/\/periodicolarepublica.com\/index.php\/2024\/11\/21\/dr-victor-atallah-asiste-al-xxvi-congreso-iberoamericano-de-enfermedad-cerebrovascular\/","title":{"rendered":"Dr. V\u00edctor Atallah, Asiste al XXVI Congreso Iberoamericano de Enfermedad Cerebrovascular\u00bb"},"content":{"rendered":"\r\n<p><img loading=\"lazy\" decoding=\"async\" class=\"size-medium wp-image-2168 alignright\" src=\"https:\/\/periodicolarepublica.com\/wp-content\/uploads\/2024\/11\/20241121_175421-300x284.jpg\" alt=\"\" width=\"300\" height=\"284\" \/>Bogot\u00e1 Colombia &#8211; El Ministro de Salud P\u00fablica, Dr. V\u00edctor Atallah, ha destacado la importancia de las mejores pr\u00e1cticas en el manejo del accidente cerebrovascular (ACV) durante su intervenci\u00f3n en el XXVI Congreso Iberoamericano de Enfermedad Cerebrovascular, celebrado en Bogot\u00e1 Colombia . <br \/><br \/>El Dr. Atallah enfatiz\u00f3 el impacto del Plan Ictus RD, una iniciativa que busca mejorar la atenci\u00f3n y los resultados para los pacientes con ACV en el pa\u00eds. \u00abEs fundamental que trabajemos juntos para implementar protocolos efectivos que salven vidas y mejoren la calidad de atenci\u00f3n en nuestra naci\u00f3n\u00bb, declar\u00f3 el ministro.<br \/><br \/>Agradeci\u00f3 a todos los colegas que han contribuido al \u00e9xito de este plan y reconoci\u00f3 especialmente el compromiso de la Dra. Ryna Then. \u00abSu entrega total en este proyecto ha sido invaluable\u00bb, a\u00f1adi\u00f3 Atallah.<br \/><br \/>El congreso, que re\u00fane a expertos de toda Iberoam\u00e9rica, es una plataforma clave para compartir conocimientos y experiencias en el tratamiento y prevenci\u00f3n del ACV. Durante el evento se presentaron investigaciones recientes y se discutieron nuevas estrategias que pueden ser implementadas en la regi\u00f3n.<\/p>\r\n","protected":false},"excerpt":{"rendered":"<p>Bogot\u00e1 Colombia &#8211; El Ministro de Salud P\u00fablica, Dr. V\u00edctor Atallah, ha destacado la importancia de las mejores pr\u00e1cticas en el manejo del accidente cerebrovascular (ACV) durante su intervenci\u00f3n en el XXVI Congreso Iberoamericano de Enfermedad Cerebrovascular, celebrado en Bogot\u00e1 Colombia . El Dr. Atallah enfatiz\u00f3 el impacto del Plan Ictus RD, una iniciativa que [&hellip;]<\/p>\n","protected":false},"author":10,"featured_media":0,"comment_status":"open","ping_status":"open","sticky":false,"template":"","format":"standard","meta":{"om_disable_all_campaigns":false,"_monsterinsights_skip_tracking":false,"_monsterinsights_sitenote_active":false,"_monsterinsights_sitenote_note":"","_monsterinsights_sitenote_category":0,"footnotes":""},"categories":[1],"tags":[161],"class_list":{"0":"post-2165","1":"post","2":"type-post","3":"status-publish","4":"format-standard","6":"category-nacionales","7":"tag-victor-atallah"},"aioseo_notices":[],"_links":{"self":[{"href":"https:\/\/periodicolarepublica.com\/index.php\/wp-json\/wp\/v2\/posts\/2165","targetHints":{"allow":["GET"]}}],"collection":[{"href":"https:\/\/periodicolarepublica.com\/index.php\/wp-json\/wp\/v2\/posts"}],"about":[{"href":"https:\/\/periodicolarepublica.com\/index.php\/wp-json\/wp\/v2\/types\/post"}],"author":[{"embeddable":true,"href":"https:\/\/periodicolarepublica.com\/index.php\/wp-json\/wp\/v2\/users\/10"}],"replies":[{"embeddable":true,"href":"https:\/\/periodicolarepublica.com\/index.php\/wp-json\/wp\/v2\/comments?post=2165"}],"version-history":[{"count":2,"href":"https:\/\/periodicolarepublica.com\/index.php\/wp-json\/wp\/v2\/posts\/2165\/revisions"}],"predecessor-version":[{"id":2173,"href":"https:\/\/periodicolarepublica.com\/index.php\/wp-json\/wp\/v2\/posts\/2165\/revisions\/2173"}],"wp:attachment":[{"href":"https:\/\/periodicolarepublica.com\/index.php\/wp-json\/wp\/v2\/media?parent=2165"}],"wp:term":[{"taxonomy":"category","embeddable":true,"href":"https:\/\/periodicolarepublica.com\/index.php\/wp-json\/wp\/v2\/categories?post=2165"},{"taxonomy":"post_tag","embeddable":true,"href":"https:\/\/periodicolarepublica.com\/index.php\/wp-json\/wp\/v2\/tags?post=2165"}],"curies":[{"name":"wp","href":"https:\/\/api.w.org\/{rel}","templated":true}]}}