{"id":2172,"date":"2024-11-24T14:09:30","date_gmt":"2024-11-24T13:09:30","guid":{"rendered":"https:\/\/periodicolarepublica.com\/?p=2172"},"modified":"2024-11-24T14:09:30","modified_gmt":"2024-11-24T13:09:30","slug":"el-ministro-de-salud-publica-dr-victor-atallah-en-el-xxvi-congreso-iberoamericano-de-enfermedad-cerebrovascular","status":"publish","type":"post","link":"https:\/\/periodicolarepublica.com\/index.php\/2024\/11\/24\/el-ministro-de-salud-publica-dr-victor-atallah-en-el-xxvi-congreso-iberoamericano-de-enfermedad-cerebrovascular\/","title":{"rendered":"El Ministro de Salud P\u00fablica Dr. V\u00edctor Atallah en el XXVI Congreso Iberoamericano de Enfermedad Cerebrovascular"},"content":{"rendered":"\r\n<p><img loading=\"lazy\" decoding=\"async\" class=\"size-medium wp-image-2184 alignright\" src=\"https:\/\/periodicolarepublica.com\/wp-content\/uploads\/2024\/11\/20241124_090817-300x268.jpg\" alt=\"\" width=\"300\" height=\"268\" \/>El Dr. V\u00edctor Atallah, Ministro de Salud P\u00fablica de la Rep\u00fablica Dominicana, particip\u00f3 recientemente en el XXVI Congreso Iberoamericano de Enfermedad Cerebrovascular, celebrado en la ciudad de Bogot\u00e1, Colombia. Este evento reuni\u00f3 a expertos y profesionales de la salud de toda Iberoam\u00e9rica para discutir los avances y desaf\u00edos en el manejo de los accidentes cerebrovasculares (ACV), una de las principales causas de morbilidad y mortalidad en la regi\u00f3n.<br \/><br \/>Durante su intervenci\u00f3n, el Ministro Atallah expuso los avances significativos que ha logrado la Rep\u00fablica Dominicana en la detecci\u00f3n y tratamiento de los ACV. Destac\u00f3 que, a pesar de los retos que enfrenta el pa\u00eds, se est\u00e1n implementando estrategias efectivas que contribuyen a mejorar la atenci\u00f3n y prevenci\u00f3n de esta enfermedad. Su participaci\u00f3n fue notable y bien recibida por los asistentes, quienes valoraron la transparencia y el compromiso del gobierno dominicano en este \u00e1mbito.<br \/><br \/>Uno de los puntos m\u00e1s destacados por el Ministro fue la importancia de la educaci\u00f3n y la concienciaci\u00f3n sobre los factores de riesgo asociados a los ACV. El Dr. Atallah enfatiz\u00f3 que muchas de estas condiciones pueden prevenirse mediante cambios en el estilo de vida, as\u00ed como a trav\u00e9s de un acceso adecuado a servicios de salud. Resalt\u00f3 que se est\u00e1 trabajando en campa\u00f1as de sensibilizaci\u00f3n que buscan informar a la poblaci\u00f3n sobre la importancia de reconocer los s\u00edntomas de un ACV y actuar r\u00e1pidamente.<br \/><br \/>El Ministro tambi\u00e9n mencion\u00f3 los esfuerzos del gobierno dominicano para fortalecer el sistema de salud, lo que incluye la capacitaci\u00f3n de profesionales y la creaci\u00f3n de protocolos m\u00e1s efectivos para el manejo de emergencias relacionadas con ACV. Este enfoque integral no solo busca mejorar los resultados de salud, sino tambi\u00e9n reducir la carga econ\u00f3mica que esta enfermedad representa para el sistema de salud nacional.<br \/><br \/>El Dr. Atallah agradeci\u00f3 al presidente Luis Abinader por su apoyo constante a las iniciativas en salud p\u00fablica y por fomentar un entorno favorable para la implementaci\u00f3n de pol\u00edticas que beneficien a la poblaci\u00f3n. La colaboraci\u00f3n entre el gobierno y el sector salud es crucial para generar cambios sostenibles y duraderos en la atenci\u00f3n m\u00e9dica.<br \/><br \/>A lo largo del congreso, se intercambiaron experiencias y se discutieron nuevas tecnolog\u00edas y tratamientos que est\u00e1n revolucionando el manejo de los ACV. La participaci\u00f3n activa del Ministro en estos di\u00e1logos subraya su compromiso con la mejora continua de la atenci\u00f3n m\u00e9dica en la Rep\u00fablica Dominicana.<br \/><br \/>El XXVI Congreso Iberoamericano de Enfermedad Cerebrovascular no solo sirvi\u00f3 como una plataforma para el intercambio de conocimientos, sino tambi\u00e9n como un recordatorio de la importancia de la colaboraci\u00f3n internacional en la lucha contra enfermedades que afectan a millones de personas. La presencia del Dr. Atallah y su destacada exposici\u00f3n son testimonio de la creciente importancia que la Rep\u00fablica Dominicana otorga a la salud p\u00fablica.<br \/><br \/>En conclusi\u00f3n, la participaci\u00f3n del Dr. V\u00edctor Atallah en este congreso refleja el compromiso del gobierno dominicano con la mejora de la salud y el bienestar de su poblaci\u00f3n. A medida que el pa\u00eds avanza en la atenci\u00f3n de los ACV, es vital seguir promoviendo la educaci\u00f3n y la prevenci\u00f3n, asegurando as\u00ed un futuro m\u00e1s saludable para todos los ciudadanos.<\/p>\r\n","protected":false},"excerpt":{"rendered":"<p>El Dr. V\u00edctor Atallah, Ministro de Salud P\u00fablica de la Rep\u00fablica Dominicana, particip\u00f3 recientemente en el XXVI Congreso Iberoamericano de Enfermedad Cerebrovascular, celebrado en la ciudad de Bogot\u00e1, Colombia. Este evento reuni\u00f3 a expertos y profesionales de la salud de toda Iberoam\u00e9rica para discutir los avances y desaf\u00edos en el manejo de los accidentes cerebrovasculares [&hellip;]<\/p>\n","protected":false},"author":10,"featured_media":0,"comment_status":"open","ping_status":"open","sticky":false,"template":"","format":"standard","meta":{"om_disable_all_campaigns":false,"_monsterinsights_skip_tracking":false,"_monsterinsights_sitenote_active":false,"_monsterinsights_sitenote_note":"","_monsterinsights_sitenote_category":0,"footnotes":""},"categories":[1],"tags":[161],"class_list":{"0":"post-2172","1":"post","2":"type-post","3":"status-publish","4":"format-standard","6":"category-nacionales","7":"tag-victor-atallah"},"aioseo_notices":[],"_links":{"self":[{"href":"https:\/\/periodicolarepublica.com\/index.php\/wp-json\/wp\/v2\/posts\/2172","targetHints":{"allow":["GET"]}}],"collection":[{"href":"https:\/\/periodicolarepublica.com\/index.php\/wp-json\/wp\/v2\/posts"}],"about":[{"href":"https:\/\/periodicolarepublica.com\/index.php\/wp-json\/wp\/v2\/types\/post"}],"author":[{"embeddable":true,"href":"https:\/\/periodicolarepublica.com\/index.php\/wp-json\/wp\/v2\/users\/10"}],"replies":[{"embeddable":true,"href":"https:\/\/periodicolarepublica.com\/index.php\/wp-json\/wp\/v2\/comments?post=2172"}],"version-history":[{"count":2,"href":"https:\/\/periodicolarepublica.com\/index.php\/wp-json\/wp\/v2\/posts\/2172\/revisions"}],"predecessor-version":[{"id":2185,"href":"https:\/\/periodicolarepublica.com\/index.php\/wp-json\/wp\/v2\/posts\/2172\/revisions\/2185"}],"wp:attachment":[{"href":"https:\/\/periodicolarepublica.com\/index.php\/wp-json\/wp\/v2\/media?parent=2172"}],"wp:term":[{"taxonomy":"category","embeddable":true,"href":"https:\/\/periodicolarepublica.com\/index.php\/wp-json\/wp\/v2\/categories?post=2172"},{"taxonomy":"post_tag","embeddable":true,"href":"https:\/\/periodicolarepublica.com\/index.php\/wp-json\/wp\/v2\/tags?post=2172"}],"curies":[{"name":"wp","href":"https:\/\/api.w.org\/{rel}","templated":true}]}}