{"id":2179,"date":"2024-11-23T21:20:38","date_gmt":"2024-11-23T20:20:38","guid":{"rendered":"https:\/\/periodicolarepublica.com\/?p=2179"},"modified":"2024-11-23T21:20:38","modified_gmt":"2024-11-23T20:20:38","slug":"propeep-desarrolla-amplia-agenda-de-acciones-sociales-en-puerto-plata","status":"publish","type":"post","link":"https:\/\/periodicolarepublica.com\/index.php\/2024\/11\/23\/propeep-desarrolla-amplia-agenda-de-acciones-sociales-en-puerto-plata\/","title":{"rendered":"Propeep desarrolla amplia agenda de acciones sociales en Puerto Plata"},"content":{"rendered":"<p>Actividades fueron encabezadas por Jos\u00e9 Ignacio Paliza, ministro de la Presidencia, y Roberto \u00c1ngel Salcedo, director de Propeep; miles de personas resultan beneficiadas<\/p>\n<p><img loading=\"lazy\" decoding=\"async\" class=\"alignnone size-medium wp-image-2180\" src=\"https:\/\/periodicolarepublica.com\/wp-content\/uploads\/2024\/11\/IMG-20241123-WA0024-300x200.jpg\" alt=\"\" width=\"300\" height=\"200\" srcset=\"https:\/\/periodicolarepublica.com\/wp-content\/uploads\/2024\/11\/IMG-20241123-WA0024-300x200.jpg?v=1732393198 300w, https:\/\/periodicolarepublica.com\/wp-content\/uploads\/2024\/11\/IMG-20241123-WA0024-1024x684.jpg?v=1732393198 1024w, https:\/\/periodicolarepublica.com\/wp-content\/uploads\/2024\/11\/IMG-20241123-WA0024-768x513.jpg?v=1732393198 768w, https:\/\/periodicolarepublica.com\/wp-content\/uploads\/2024\/11\/IMG-20241123-WA0024-150x100.jpg?v=1732393198 150w, https:\/\/periodicolarepublica.com\/wp-content\/uploads\/2024\/11\/IMG-20241123-WA0024-600x401.jpg?v=1732393198 600w, https:\/\/periodicolarepublica.com\/wp-content\/uploads\/2024\/11\/IMG-20241123-WA0024-696x465.jpg?v=1732393198 696w, https:\/\/periodicolarepublica.com\/wp-content\/uploads\/2024\/11\/IMG-20241123-WA0024-1068x713.jpg?v=1732393198 1068w, https:\/\/periodicolarepublica.com\/wp-content\/uploads\/2024\/11\/IMG-20241123-WA0024.jpg?v=1732393198 1280w\" sizes=\"auto, (max-width: 300px) 100vw, 300px\" \/><\/p>\n<p>Puerto Plata.- El Gobierno, en su cont\u00ednuo esfuerzo por fortalecer las pol\u00edticas p\u00fablicas, realiz\u00f3 este fin de semana importantes jornadas de inclusi\u00f3n y acciones sociales en diversos sectores y territorios vulnerables de la provincia Puerto Plata, que resultaron afectados por las lluvias e inundaciones de los \u00faltimos d\u00edas.<\/p>\n<p>&nbsp;<\/p>\n<p>El ministro de la Presidencia, Jos\u00e9 Ignacio Paliza, y el director de Proyectos Estrat\u00e9gicos y Programas Especiales de la Presidencia (Propeep), Roberto \u00c1ngel Salcedo, juntos a otros funcionarios encabezaron y supervisaron el viernes el desarrollo de las jornadas sociales \u00abPrimero T\u00fa\u00bb y los programas \u00bb Cerca de T\u00ed\u00bb realizadas en la escuela George Arzeno Brugal, del sector San Marcos, donde miles de personas en condiciones de vulnerabilidad recibieron una multiplicidad de servicios de parte de varias entidades del Gobierno.<\/p>\n<p>&nbsp;<\/p>\n<p>Durante el acto de apertura, Paliza anunci\u00f3 que el compromiso del presidente Luis Abinader, de Propeep y el Gobierno es llevar sus programas sociales a toda la provincia en las pr\u00f3ximas semanas, \u00abasegur\u00e1ndonos de que las personas m\u00e1s vulnerables de cada comunidad reciban la mano amiga del Gobierno\u00bb.<\/p>\n<p>&nbsp;<\/p>\n<p>\u00abEn nombre del presidente Luis Abinader, del Gobierno dominicano, pueden tener ustedes la certeza de que cuando nos necesiten ah\u00ed estamos; en los momentos m\u00e1s dif\u00edciles ah\u00ed estaremos; cuando el sol m\u00e1s fuerte nos d\u00e9 ah\u00ed estaremos, y cuando cada puertoplate\u00f1o o puertoplate\u00f1a pueda requerir de la mano amiga de su gobierno, ah\u00ed estaremos presentes\u00bb, proclam\u00f3 enf\u00e1ticamente el funcionario.<\/p>\n<p>&nbsp;<\/p>\n<p>En tanto, el director de Propeep, Roberto \u00c1ngel Salcedo, resalt\u00f3 la importancia de la colaboraci\u00f3n entre las distintas entidades gubernamentales y las autoridades locales para llevar esos programas y acciones sociales a las personas en pobreza extrema y m\u00e1s vulnerables de Puerto Plata y todo el pa\u00eds.<\/p>\n<p>&nbsp;<\/p>\n<p>\u201cRecuerdo que la pasada semana recib\u00ed una llamada de mi querido amigo Jos\u00e9 Ignacio Paliza, quien manifest\u00f3 su intenci\u00f3n de que el Gobierno hiciera nuevamente presencia en Puerto Plata para seguir ayudando a las familias en situaci\u00f3n de vulnerabilidad\u201d, expres\u00f3 Salcedo.<\/p>\n<p>&nbsp;<\/p>\n<p>En ese sentido, el funcionario dijo que de inmediato activaron las acciones sociales del Gobierno, \u201cy hoy contamos con m\u00e1s de 15 instituciones trabajando juntas para ofrecer soluciones efectivas a la comunidad de San Marcos\u201d.<\/p>\n<p>&nbsp;<\/p>\n<p>Agreg\u00f3, que Puerto Plata es de alta prioridad para el gobierno del presidente Luis Abinader, y est\u00e1 en el centro de su estrategia de desarrollo.<\/p>\n<p>&nbsp;<\/p>\n<p>Manifest\u00f3 que la intenci\u00f3n es continuar recorriendo todo el territorio de Puerto Plata para llevar ayudas y esperanzas a los mun\u00edcipes de la llamada &#8216;Novia del Atl\u00e1ntico\u00bb que viven en condiciones de vulnerabilidad y que han sido afectados por fen\u00f3menos naturales.<\/p>\n<p>&nbsp;<\/p>\n<p>La jornada incluy\u00f3 una multiplicidad de servicios dirigidos a personas de todas las edades, desde asistencia en salud, odontolog\u00eda, programas de alimentaci\u00f3n, asistencias y registro para la tarjeta Sup\u00e9rate y las pensiones solidarias, as\u00ed como canastillas a embarazadas y suplementos vitam\u00ednicos a envejecientes, a discapacitados para recibir equipos, as\u00ed como otros apoyos sociales esenciales.<\/p>\n<p>&nbsp;<\/p>\n<p>&nbsp;<\/p>\n<p>Primero T\u00fa y Cerca de Ti<\/p>\n<p>&nbsp;<\/p>\n<p>&nbsp;<\/p>\n<p>El viernes, adem\u00e1s de la jornada de inclusi\u00f3n social \u00abPrimero T\u00fa\u00bb en el sector San Marcos, del municipio San Felipe, se llevaron a cabo los programas \u201cCerca de Ti\u201d en el sector Los N\u00fa\u00f1ez, de Padre de las Casas, y en la parroquia Nuestra Se\u00f1ora de los Milagros, en el municipio Maim\u00f3n.<\/p>\n<p>&nbsp;<\/p>\n<p>En tanto que este s\u00e1bado la jornada de inclusi\u00f3n social \u00abPrimero T\u00fa\u00bb se desarroll\u00f3<\/p>\n<p>en la Escuela Profesor Manuel G\u00f3mez Polanco, del sector Callej\u00f3n de La Loma, de Sabaneta de Y\u00e1sica, Puerto Plata.<\/p>\n<p>&nbsp;<\/p>\n<p>Mientras que los programas \u00abCerca de T\u00ed\u00bb se realizaron en la Escuela Enriqueta Olmer, ubicada en el Distrito Municipal Sabaneta de Y\u00e1sica, y en el Club Montellano, del sector El Administrador, de Montellano.<\/p>\n<p>&nbsp;<\/p>\n<p>Remozamiento de casa<\/p>\n<p>&nbsp;<\/p>\n<p>&nbsp;<\/p>\n<p>Tambi\u00e9n este s\u00e1bado, el director de Propeep, Roberto \u00c1ngel Salcedo, visit\u00f3 a la se\u00f1ora Mariana Ceballo Amaro, de 93 a\u00f1os de edad, cuya vivienda fue remozada por el organismo, y a quien el funcionario le entreg\u00f3 enseres del hogar, incluidos un televisor, tanque de gas, juego de muebles, cama, estufa y una compra con productos alimenticios de la canasta familiar.<\/p>\n<p>&nbsp;<\/p>\n<p>La se\u00f1ora Ceballo Amaro expres\u00f3 su agradecimiento al presidente Luis Abinader, a Roberto \u00c1ngel y a Propeep, por remozarle su vivienda, entregarle ajuares nuevos y por la asistencia recibida.<\/p>\n<p>&nbsp;<\/p>\n<p>&nbsp;<\/p>\n<p>Acompa\u00f1amiento<\/p>\n<p>&nbsp;<\/p>\n<p>&nbsp;<\/p>\n<p>Durante las actividades, Roberto \u00c1ngel estuvo acompa\u00f1ado, adem\u00e1s del ministro Jos\u00e9 Ignacio Paliza, el viernes, por la gobernadora provincial Claritza Rochette; la senadora Ginette Bournigal; el director del Instituto Dominicano de Aviaci\u00f3n Civil (IDAC), Igor Rodr\u00edguez Dur\u00e1n; los alcaldes de la ciudad de Puerto Plata, Roquelito Garc\u00eda; del Distrito Municipal Sabaneta de Y\u00e1sica, Roely Thomas; del Distrito Municipal de Cabarete, Freddy Cruz; y del municipio Montellano, H\u00e9ctor Rafael Almonte.<\/p>\n<p>Adem\u00e1s del diputado Emil Dur\u00e1n, regidores y otros funcionarios provinciales y de Propeep.<\/p>\n<p>Direcci\u00f3n de Comunicaciones<\/p>\n<p>23 de noviembre de 2024<\/p>\n","protected":false},"excerpt":{"rendered":"<p>Actividades fueron encabezadas por Jos\u00e9 Ignacio Paliza, ministro de la Presidencia, y Roberto \u00c1ngel Salcedo, director de Propeep; miles de personas resultan beneficiadas Puerto Plata.- El Gobierno, en su cont\u00ednuo esfuerzo por fortalecer las pol\u00edticas p\u00fablicas, realiz\u00f3 este fin de semana importantes jornadas de inclusi\u00f3n y acciones sociales en diversos sectores y territorios vulnerables de [&hellip;]<\/p>\n","protected":false},"author":6,"featured_media":2180,"comment_status":"open","ping_status":"open","sticky":false,"template":"","format":"standard","meta":{"om_disable_all_campaigns":false,"_monsterinsights_skip_tracking":false,"_monsterinsights_sitenote_active":false,"_monsterinsights_sitenote_note":"","_monsterinsights_sitenote_category":0,"footnotes":""},"categories":[1],"tags":[],"class_list":{"0":"post-2179","1":"post","2":"type-post","3":"status-publish","4":"format-standard","5":"has-post-thumbnail","7":"category-nacionales"},"aioseo_notices":[],"_links":{"self":[{"href":"https:\/\/periodicolarepublica.com\/index.php\/wp-json\/wp\/v2\/posts\/2179","targetHints":{"allow":["GET"]}}],"collection":[{"href":"https:\/\/periodicolarepublica.com\/index.php\/wp-json\/wp\/v2\/posts"}],"about":[{"href":"https:\/\/periodicolarepublica.com\/index.php\/wp-json\/wp\/v2\/types\/post"}],"author":[{"embeddable":true,"href":"https:\/\/periodicolarepublica.com\/index.php\/wp-json\/wp\/v2\/users\/6"}],"replies":[{"embeddable":true,"href":"https:\/\/periodicolarepublica.com\/index.php\/wp-json\/wp\/v2\/comments?post=2179"}],"version-history":[{"count":1,"href":"https:\/\/periodicolarepublica.com\/index.php\/wp-json\/wp\/v2\/posts\/2179\/revisions"}],"predecessor-version":[{"id":2181,"href":"https:\/\/periodicolarepublica.com\/index.php\/wp-json\/wp\/v2\/posts\/2179\/revisions\/2181"}],"wp:featuredmedia":[{"embeddable":true,"href":"https:\/\/periodicolarepublica.com\/index.php\/wp-json\/wp\/v2\/media\/2180"}],"wp:attachment":[{"href":"https:\/\/periodicolarepublica.com\/index.php\/wp-json\/wp\/v2\/media?parent=2179"}],"wp:term":[{"taxonomy":"category","embeddable":true,"href":"https:\/\/periodicolarepublica.com\/index.php\/wp-json\/wp\/v2\/categories?post=2179"},{"taxonomy":"post_tag","embeddable":true,"href":"https:\/\/periodicolarepublica.com\/index.php\/wp-json\/wp\/v2\/tags?post=2179"}],"curies":[{"name":"wp","href":"https:\/\/api.w.org\/{rel}","templated":true}]}}