{"id":2183,"date":"2024-11-24T14:55:13","date_gmt":"2024-11-24T13:55:13","guid":{"rendered":"https:\/\/periodicolarepublica.com\/?p=2183"},"modified":"2024-11-24T14:55:13","modified_gmt":"2024-11-24T13:55:13","slug":"tomas-hernandez-alberto-destaca-exitos-del-primer-cuatrienio-del-presidente-luis-abinader","status":"publish","type":"post","link":"https:\/\/periodicolarepublica.com\/index.php\/2024\/11\/24\/tomas-hernandez-alberto-destaca-exitos-del-primer-cuatrienio-del-presidente-luis-abinader\/","title":{"rendered":"Tom\u00e1s Hern\u00e1ndez Alberto Destaca \u00c9xitos del Primer Cuatrienio del Presidente Luis Abinader"},"content":{"rendered":"\r\n<p><img loading=\"lazy\" decoding=\"async\" class=\"size-medium wp-image-2188 alignright\" src=\"https:\/\/periodicolarepublica.com\/wp-content\/uploads\/2024\/11\/20241124_095333-300x193.jpg\" alt=\"\" width=\"300\" height=\"193\" \/>Santo Domingo, \u2014 En una reciente entrevista en el programa \u00abPuntos de Vista\u00bb, el ingeniero Tom\u00e1s Hern\u00e1ndez Alberto comparti\u00f3 sus perspectivas sobre la transformaci\u00f3n del campo dominicano y los logros alcanzados durante el primer cuatrienio del presidente Luis Abinader. La periodista Dania Goris moder\u00f3 la conversaci\u00f3n, que abord\u00f3 temas clave sobre la agricultura y el desarrollo rural.<br \/><br \/>Durante la entrevista, Hern\u00e1ndez Alberto enfatiz\u00f3 que \u00abLa Transformaci\u00f3n del Campo: Una Revoluci\u00f3n Vital para Impulsar el Cambio\u00bb no solo es un lema, sino una realidad palpable en la Rep\u00fablica Dominicana. Seg\u00fan el ingeniero, las pol\u00edticas implementadas han resultado en un aumento significativo en la producci\u00f3n agr\u00edcola y en la sostenibilidad de las comunidades rurales.<br \/><br \/>El ingeniero destac\u00f3 que el primer cuatrienio del presidente Abinader se caracteriz\u00f3 por la implementaci\u00f3n de programas innovadores que beneficiaron a miles de agricultores. \u00abSe han establecido alianzas estrat\u00e9gicas entre el gobierno y el sector privado, lo que ha permitido modernizar las t\u00e9cnicas agr\u00edcolas y mejorar la calidad de vida de los productores\u00bb, afirm\u00f3.<br \/><br \/>Hern\u00e1ndez Alberto tambi\u00e9n mencion\u00f3 el impacto positivo de estas iniciativas en la econom\u00eda local, subrayando que el crecimiento en el sector agr\u00edcola ha tenido un efecto domin\u00f3 en otras \u00e1reas, como la agroindustria y el comercio. \u00abLa inversi\u00f3n en el campo es una inversi\u00f3n en futuro\u00bb, dijo.<br \/><br \/>Mirando hacia el futuro, el ingeniero expres\u00f3 su optimismo sobre el segundo cuatrienio del presidente Abinader. \u00abEstamos en una posici\u00f3n \u00fanica para construir sobre el \u00e9xito previo y abordar los desaf\u00edos que a\u00fan persisten\u00bb, asegur\u00f3. A\u00f1adi\u00f3 que se espera que las nuevas pol\u00edticas contin\u00faen fomentando la innovaci\u00f3n y la sostenibilidad.<br \/><br \/>La entrevista tambi\u00e9n abord\u00f3 la importancia de la capacitaci\u00f3n y la educaci\u00f3n para los agricultores. Hern\u00e1ndez Alberto subray\u00f3 que \u00abinvertir en conocimiento es clave para transformar el campo\u00bb. Propuso programas de formaci\u00f3n que permitan a los productores adoptar tecnolog\u00edas modernas y pr\u00e1cticas sostenibles.<br \/><br \/>Adem\u00e1s, el ingeniero hizo hincapi\u00e9 en la necesidad de fortalecer la infraestructura rural. Asegur\u00f3 que mejorar las v\u00edas de acceso y los servicios b\u00e1sicos es fundamental para garantizar que los productos lleguen al mercado de manera eficiente. \u00abLa infraestructura es la columna vertebral del desarrollo rural\u00bb, afirm\u00f3.<br \/><br \/>La periodista Dania Goris concluy\u00f3 la entrevista resaltando la importancia de seguir visibilizando los esfuerzos del gobierno en el sector agr\u00edcola. \u00abEs crucial que la poblaci\u00f3n est\u00e9 informada sobre los avances y los desaf\u00edos que enfrenta el campo dominicano\u00bb, dijo.<br \/><br \/>Finalmente, el ingeniero Tom\u00e1s Hern\u00e1ndez Alberto invit\u00f3 a todos los sectores a unirse en la b\u00fasqueda de soluciones que beneficien a las comunidades rurales. \u00abLa transformaci\u00f3n del campo es un esfuerzo colectivo, y juntos podemos lograr un cambio real\u00bb, concluy\u00f3.<\/p>\r\n","protected":false},"excerpt":{"rendered":"<p>Santo Domingo, \u2014 En una reciente entrevista en el programa \u00abPuntos de Vista\u00bb, el ingeniero Tom\u00e1s Hern\u00e1ndez Alberto comparti\u00f3 sus perspectivas sobre la transformaci\u00f3n del campo dominicano y los logros alcanzados durante el primer cuatrienio del presidente Luis Abinader. La periodista Dania Goris moder\u00f3 la conversaci\u00f3n, que abord\u00f3 temas clave sobre la agricultura y el [&hellip;]<\/p>\n","protected":false},"author":10,"featured_media":0,"comment_status":"open","ping_status":"open","sticky":false,"template":"","format":"standard","meta":{"om_disable_all_campaigns":false,"_monsterinsights_skip_tracking":false,"_monsterinsights_sitenote_active":false,"_monsterinsights_sitenote_note":"","_monsterinsights_sitenote_category":0,"footnotes":""},"categories":[1],"tags":[163],"class_list":{"0":"post-2183","1":"post","2":"type-post","3":"status-publish","4":"format-standard","6":"category-nacionales","7":"tag-tomas-hernandez-alberto"},"aioseo_notices":[],"_links":{"self":[{"href":"https:\/\/periodicolarepublica.com\/index.php\/wp-json\/wp\/v2\/posts\/2183","targetHints":{"allow":["GET"]}}],"collection":[{"href":"https:\/\/periodicolarepublica.com\/index.php\/wp-json\/wp\/v2\/posts"}],"about":[{"href":"https:\/\/periodicolarepublica.com\/index.php\/wp-json\/wp\/v2\/types\/post"}],"author":[{"embeddable":true,"href":"https:\/\/periodicolarepublica.com\/index.php\/wp-json\/wp\/v2\/users\/10"}],"replies":[{"embeddable":true,"href":"https:\/\/periodicolarepublica.com\/index.php\/wp-json\/wp\/v2\/comments?post=2183"}],"version-history":[{"count":2,"href":"https:\/\/periodicolarepublica.com\/index.php\/wp-json\/wp\/v2\/posts\/2183\/revisions"}],"predecessor-version":[{"id":2189,"href":"https:\/\/periodicolarepublica.com\/index.php\/wp-json\/wp\/v2\/posts\/2183\/revisions\/2189"}],"wp:attachment":[{"href":"https:\/\/periodicolarepublica.com\/index.php\/wp-json\/wp\/v2\/media?parent=2183"}],"wp:term":[{"taxonomy":"category","embeddable":true,"href":"https:\/\/periodicolarepublica.com\/index.php\/wp-json\/wp\/v2\/categories?post=2183"},{"taxonomy":"post_tag","embeddable":true,"href":"https:\/\/periodicolarepublica.com\/index.php\/wp-json\/wp\/v2\/tags?post=2183"}],"curies":[{"name":"wp","href":"https:\/\/api.w.org\/{rel}","templated":true}]}}