{"id":2190,"date":"2024-11-25T00:48:25","date_gmt":"2024-11-24T23:48:25","guid":{"rendered":"https:\/\/periodicolarepublica.com\/?p=2190"},"modified":"2024-11-25T00:48:25","modified_gmt":"2024-11-24T23:48:25","slug":"banco-popular-primera-dama-micm-alcaldia-santiago-inauguran-parque-benito-juarez","status":"publish","type":"post","link":"https:\/\/periodicolarepublica.com\/index.php\/2024\/11\/25\/banco-popular-primera-dama-micm-alcaldia-santiago-inauguran-parque-benito-juarez\/","title":{"rendered":"Banco Popular, Primera Dama, MICM, Alcaldia Santiago inauguran Parque Benito Ju\u00e1rez"},"content":{"rendered":"<p style=\"text-align: left;\">El proyecto contribuye al desarrollo sostenible y la mejora de la calidad de vida en la comunidad<\/p>\n<p>Santiago de los Caballeros. &#8211; El Banco Popular, junto a la primera dama de la Rep\u00fablica, la se\u00f1ora Raquel Arbaje, el Ministerio de Industria, Comercio y Mipymes (MICM) y la Alcald\u00eda de Santiago de los Caballeros, inauguraron el remozamiento del Parque Benito Ju\u00e1rez, en el sector Villa Olga.<\/p>\n<p><img loading=\"lazy\" decoding=\"async\" class=\"alignnone size-medium wp-image-2191\" src=\"https:\/\/periodicolarepublica.com\/wp-content\/uploads\/2024\/11\/ISM06945-300x200.jpg\" alt=\"\" width=\"300\" height=\"200\" \/><\/p>\n<p>El Banco Popular invirti\u00f3 RD$35 millones en la renovaci\u00f3n de los 19,272 metros cuadrados de este espacio verde para integrar \u00e1reas recreativas inclusivas, sostenibles y funcionales.<\/p>\n<p>El remozamiento del parque Benito Ju\u00e1rez forma parte de la alianza p\u00fablico-privada entre el Popular y el proyecto \u201cParques recreativos: de la industria a la comunidad\u201d, liderado por la primera dama Raquel Arbaje y el MICM, uni\u00e9ndose en esta ocasi\u00f3n la Alcald\u00eda de Santiago.<\/p>\n<p>En el marco de esta alianza se han remozado media docena de parques ubicados en las localidades de Moca, Boca Chica, La Vega, Santo Domingo, San Pedro de Macor\u00eds, en la Base A\u00e9rea de San Isidro, y, ahora, se a\u00f1ade este en Santiago.<\/p>\n<p>Alianzas p\u00fablico-privadas, un recurso de desarrollo de las comunidades<\/p>\n<p>El se\u00f1or Christopher Paniagua, presidente ejecutivo del Banco Popular, dijo que las alianzas entre los sectores p\u00fablico y las empresas privadas tienen la virtud de crear valor social compartido, multiplicar el bienestar de las comunidades y promover, con ello, el desarrollo sostenible del pa\u00eds.<\/p>\n","protected":false},"excerpt":{"rendered":"<p>El proyecto contribuye al desarrollo sostenible y la mejora de la calidad de vida en la comunidad Santiago de los Caballeros. &#8211; El Banco Popular, junto a la primera dama de la Rep\u00fablica, la se\u00f1ora Raquel Arbaje, el Ministerio de Industria, Comercio y Mipymes (MICM) y la Alcald\u00eda de Santiago de los Caballeros, inauguraron el [&hellip;]<\/p>\n","protected":false},"author":6,"featured_media":0,"comment_status":"open","ping_status":"open","sticky":false,"template":"","format":"standard","meta":{"om_disable_all_campaigns":false,"_monsterinsights_skip_tracking":false,"_monsterinsights_sitenote_active":false,"_monsterinsights_sitenote_note":"","_monsterinsights_sitenote_category":0,"footnotes":""},"categories":[1],"tags":[76,119],"class_list":{"0":"post-2190","1":"post","2":"type-post","3":"status-publish","4":"format-standard","6":"category-nacionales","7":"tag-banco-popular-dominicano","8":"tag-popularenlinea-com"},"aioseo_notices":[],"_links":{"self":[{"href":"https:\/\/periodicolarepublica.com\/index.php\/wp-json\/wp\/v2\/posts\/2190","targetHints":{"allow":["GET"]}}],"collection":[{"href":"https:\/\/periodicolarepublica.com\/index.php\/wp-json\/wp\/v2\/posts"}],"about":[{"href":"https:\/\/periodicolarepublica.com\/index.php\/wp-json\/wp\/v2\/types\/post"}],"author":[{"embeddable":true,"href":"https:\/\/periodicolarepublica.com\/index.php\/wp-json\/wp\/v2\/users\/6"}],"replies":[{"embeddable":true,"href":"https:\/\/periodicolarepublica.com\/index.php\/wp-json\/wp\/v2\/comments?post=2190"}],"version-history":[{"count":2,"href":"https:\/\/periodicolarepublica.com\/index.php\/wp-json\/wp\/v2\/posts\/2190\/revisions"}],"predecessor-version":[{"id":2193,"href":"https:\/\/periodicolarepublica.com\/index.php\/wp-json\/wp\/v2\/posts\/2190\/revisions\/2193"}],"wp:attachment":[{"href":"https:\/\/periodicolarepublica.com\/index.php\/wp-json\/wp\/v2\/media?parent=2190"}],"wp:term":[{"taxonomy":"category","embeddable":true,"href":"https:\/\/periodicolarepublica.com\/index.php\/wp-json\/wp\/v2\/categories?post=2190"},{"taxonomy":"post_tag","embeddable":true,"href":"https:\/\/periodicolarepublica.com\/index.php\/wp-json\/wp\/v2\/tags?post=2190"}],"curies":[{"name":"wp","href":"https:\/\/api.w.org\/{rel}","templated":true}]}}