{"id":2194,"date":"2024-11-25T00:53:00","date_gmt":"2024-11-24T23:53:00","guid":{"rendered":"https:\/\/periodicolarepublica.com\/?p=2194"},"modified":"2024-11-25T00:53:13","modified_gmt":"2024-11-24T23:53:13","slug":"alcaldia-del-distrito-nacional-retira-chatarras-durante-operativo-en-villa-juana","status":"publish","type":"post","link":"https:\/\/periodicolarepublica.com\/index.php\/2024\/11\/25\/alcaldia-del-distrito-nacional-retira-chatarras-durante-operativo-en-villa-juana\/","title":{"rendered":"Alcald\u00eda del Distrito Nacional retira chatarras durante operativo en Villa Juana"},"content":{"rendered":"<p>El operativo forma parte de las iniciativas que impulsa la alcaldesa Carolina Mej\u00eda para transformar el DN<\/p>\n<p>Santo Domingo, DN \u2013 Dando r\u00e1pida respuesta a una denuncia, la Alcald\u00eda del Distrito Nacional, a trav\u00e9s de la Direcci\u00f3n de Defensor\u00eda y Uso de Espacios P\u00fablicos, retir\u00f3 cuatro veh\u00edculos en condici\u00f3n de chatarra que se encontraban abandonados en Villa Juana.<\/p>\n<p><img loading=\"lazy\" decoding=\"async\" class=\"alignnone size-medium wp-image-2195\" src=\"https:\/\/periodicolarepublica.com\/wp-content\/uploads\/2024\/11\/IMG-20241124-WA0014-225x300.jpg\" alt=\"\" width=\"225\" height=\"300\" \/><\/p>\n<p>El retiro de las chatarras se llev\u00f3 a cabo en la calle Moca del referido sector capitalino, luego de que un oyente hiciera una denuncia en el espacio radial La Z con el Pueblo.<\/p>\n<p>La iniciativa, encabezada por el teniente coronel Jos\u00e9 An\u00edbal Sanz Melo, director de Espacios P\u00fablicos, busca mejorar la movilidad peatonal y vehicular, a trav\u00e9s de la promoci\u00f3n de un entorno limpio y ordenado.<\/p>\n<p>Bajo las directrices de la alcaldesa Carolina Mej\u00eda, la Direcci\u00f3n de Defensor\u00eda y Uso de Espacios P\u00fablicos ha fortalecido sus operativos, reafirmando el compromiso del ayuntamiento con transferir bienestar a los ciudadanos a trav\u00e9s de acciones que incluyen el retiro de veh\u00edculos y cierre de negocios que operan de forma ilegal, obstruyendo las aceras.<\/p>\n<p>Anteriormente, el sector de Villa Juana hab\u00eda sido impactado con el retiro de chatarras en la Arturo Logro\u00f1o, Juan Erazo, Marcos Ad\u00f3n y Manuel Ubaldo G\u00f3mez.<\/p>\n<p>Adem\u00e1s, en los \u00faltimos meses se han ejecutado operativos para recuperar espacios p\u00fablicos en Honduras, Manganagua, Ensanche La Paz, Ensanche Quisqueya, Villas Agr\u00edcolas y las avenidas Cayetano Germos\u00e9n y Albert Thomas.<\/p>\n","protected":false},"excerpt":{"rendered":"<p>El operativo forma parte de las iniciativas que impulsa la alcaldesa Carolina Mej\u00eda para transformar el DN Santo Domingo, DN \u2013 Dando r\u00e1pida respuesta a una denuncia, la Alcald\u00eda del Distrito Nacional, a trav\u00e9s de la Direcci\u00f3n de Defensor\u00eda y Uso de Espacios P\u00fablicos, retir\u00f3 cuatro veh\u00edculos en condici\u00f3n de chatarra que se encontraban abandonados [&hellip;]<\/p>\n","protected":false},"author":6,"featured_media":0,"comment_status":"open","ping_status":"open","sticky":false,"template":"","format":"standard","meta":{"om_disable_all_campaigns":false,"_monsterinsights_skip_tracking":false,"_monsterinsights_sitenote_active":false,"_monsterinsights_sitenote_note":"","_monsterinsights_sitenote_category":0,"footnotes":""},"categories":[1],"tags":[],"class_list":{"0":"post-2194","1":"post","2":"type-post","3":"status-publish","4":"format-standard","6":"category-nacionales"},"aioseo_notices":[],"_links":{"self":[{"href":"https:\/\/periodicolarepublica.com\/index.php\/wp-json\/wp\/v2\/posts\/2194","targetHints":{"allow":["GET"]}}],"collection":[{"href":"https:\/\/periodicolarepublica.com\/index.php\/wp-json\/wp\/v2\/posts"}],"about":[{"href":"https:\/\/periodicolarepublica.com\/index.php\/wp-json\/wp\/v2\/types\/post"}],"author":[{"embeddable":true,"href":"https:\/\/periodicolarepublica.com\/index.php\/wp-json\/wp\/v2\/users\/6"}],"replies":[{"embeddable":true,"href":"https:\/\/periodicolarepublica.com\/index.php\/wp-json\/wp\/v2\/comments?post=2194"}],"version-history":[{"count":1,"href":"https:\/\/periodicolarepublica.com\/index.php\/wp-json\/wp\/v2\/posts\/2194\/revisions"}],"predecessor-version":[{"id":2196,"href":"https:\/\/periodicolarepublica.com\/index.php\/wp-json\/wp\/v2\/posts\/2194\/revisions\/2196"}],"wp:attachment":[{"href":"https:\/\/periodicolarepublica.com\/index.php\/wp-json\/wp\/v2\/media?parent=2194"}],"wp:term":[{"taxonomy":"category","embeddable":true,"href":"https:\/\/periodicolarepublica.com\/index.php\/wp-json\/wp\/v2\/categories?post=2194"},{"taxonomy":"post_tag","embeddable":true,"href":"https:\/\/periodicolarepublica.com\/index.php\/wp-json\/wp\/v2\/tags?post=2194"}],"curies":[{"name":"wp","href":"https:\/\/api.w.org\/{rel}","templated":true}]}}