{"id":2197,"date":"2024-11-25T01:00:40","date_gmt":"2024-11-25T00:00:40","guid":{"rendered":"https:\/\/periodicolarepublica.com\/?p=2197"},"modified":"2024-11-25T01:00:40","modified_gmt":"2024-11-25T00:00:40","slug":"maria-elena-vasquez-plantea-se-necesita-mayor-nivel-de-competencia-para-impulsar-la-economia","status":"publish","type":"post","link":"https:\/\/periodicolarepublica.com\/index.php\/2024\/11\/25\/maria-elena-vasquez-plantea-se-necesita-mayor-nivel-de-competencia-para-impulsar-la-economia\/","title":{"rendered":"Mar\u00eda Elena V\u00e1squez plantea se necesita mayor nivel de competencia para impulsar la econom\u00eda"},"content":{"rendered":"<p>&nbsp;<\/p>\n<p>La presidenta de Pro-Competencia insisti\u00f3 en la necesidad de actualizar la ley 42-08 para adaptarla a los cambios que ha experimentado el mercado.<\/p>\n<p>Santo Domingo.- Rep\u00fablica Dominicana ha tenido un notable crecimiento econ\u00f3mico en los \u00faltimos a\u00f1os, muy por encima del promedio de Am\u00e9rica Latina y el Caribe, y muestra logros significativos en la reducci\u00f3n de la pobreza y el hambre. Sin embargo, todav\u00eda la econom\u00eda sigue enfrentando obst\u00e1culos estructurales que limitan su potencial.<\/p>\n<p><img loading=\"lazy\" decoding=\"async\" class=\"alignnone size-medium wp-image-2198 alignleft\" src=\"https:\/\/periodicolarepublica.com\/wp-content\/uploads\/2024\/11\/IMG-20241124-WA0016-300x200.jpg\" alt=\"\" width=\"300\" height=\"200\" \/><\/p>\n<p>El planteamiento lo hizo la presidenta del Consejo Directivo de la Comisi\u00f3n Nacional de Defensa de la Competencia (Pro-Competencia), Mar\u00eda Elena V\u00e1squez Taveras, al dictar la conferencia \u201cEl impacto de la libre competencia en la actividad econ\u00f3mica y el bienestar social\u201d en la Feria del Libro Jur\u00eddico 2024 organizada por la Facultad de Ciencias Jur\u00eddicas y Pol\u00edticas de la Universidad Aut\u00f3noma de Santo Domingo (UASD).<\/p>\n<p>&nbsp;<\/p>\n<p>Algunos de estos obst\u00e1culos son la alta informalidad, el bajo nivel de encadenamiento productivo y la baja productividad en sectores claves de la econom\u00eda como la agropecuaria y la industria que provocan bajos salarios, explic\u00f3 V\u00e1squez Taveras.<\/p>\n<p>&nbsp;<\/p>\n<p>\u201cPara enfrentar estos desaf\u00edos necesitamos mercados con un mayor nivel de competencia que aumente la eficiencia de los sectores con alto impacto en la generaci\u00f3n de empleos; la reducci\u00f3n de las desigualdades territoriales, la disminuci\u00f3n de la concentraci\u00f3n econ\u00f3mica y lograr una mayor inserci\u00f3n en las cadenas globales de valor gracias a nuestra posici\u00f3n geogr\u00e1fica que es una ventaja competitiva\u201d, plante\u00f3.<\/p>\n<p>Refiri\u00f3 que un estudio del Banco Mundial, en el que se analiza la productividad del pa\u00eds, se\u00f1ala que al reducir en un 1 % distorsiones internas como los monopolios y carteles, barreras de entrada al mercado, y los altos costos de la energ\u00eda, el producto interno bruto (PIB) del pa\u00eds podr\u00eda aumentar en 1.5 % por encima de la tendencia actual.<\/p>\n<p>&nbsp;<\/p>\n<p>Medidas necesarias<\/p>\n<p>&nbsp;<\/p>\n<p>V\u00e1squez Taveras record\u00f3 que entre el 2010 y el 2020 se produjeron 54 fusiones y adquisiciones por un valor de $ 1,700 millones d\u00f3lares, la mayor\u00eda en sectores no regulados, y no se consider\u00f3 el impacto que esto tiene en los mercados debido a que la Ley No. 42-08 sobre la Defensa de la Competencia no contemplaba un mecanismo de control preventivo de fusiones y adquisiciones empresariales que permitiera medir el impacto de estas fusiones en el clima de libre competencia en los mercados.<\/p>\n<p>&nbsp;<\/p>\n<p>Indic\u00f3 que es por esto que urge lograr una reforma de la ley para incluir un r\u00e9gimen de control preventivo para las fusiones empresariales y medidas m\u00e1s estrictas contra la competencia desleal, un criterio de fijaci\u00f3n del monto de las multas que resulte m\u00e1s eficiente y disuasorio, entre otros aspectos.<\/p>\n<p>&nbsp;<\/p>\n<p>Se\u00f1al\u00f3 que la ley necesita adecuarse a los cambios que han experimentado los mercados, como es el auge de los mercados digitales y el aumento de poder grandes empresas tecnol\u00f3gicas.<\/p>\n<p>&nbsp;<\/p>\n<p>Reconocimiento<\/p>\n<p>&nbsp;<\/p>\n<p>En representaci\u00f3n de la Facultad de Ciencias Pol\u00edticas y Jur\u00eddicas de la Universidad Aut\u00f3noma de Santo Domingo (UASD), el director de la Escuela de Derecho, Mart\u00edn Montilla, otorg\u00f3 un reconocimiento a V\u00e1squez Taveras por su destacada participaci\u00f3n en la Feria del Libro Jur\u00eddico 2024. Este reconocimiento valora sus valiosos aportes al enriquecimiento acad\u00e9mico y al fortalecimiento del di\u00e1logo sobre temas jur\u00eddicos de relevancia.<\/p>\n<p>&nbsp;<\/p>\n<p>Otras conferencias y paneles<\/p>\n<p>&nbsp;<\/p>\n<p>En la Feria del Libro Jur\u00eddico 2024 participaron los abogados Eduardo Jorge Prats, con la conferencia \u201cLos retos del Estado social y democr\u00e1tico: la justicia constitucional\u201d; y Robinson A. Cuello, quien disert\u00f3 con el tema \u201cProtecci\u00f3n de derechos de propiedad: desaf\u00edos del sistema registral en la Rep\u00fablica Dominicana\u201d.<\/p>\n<p>&nbsp;<\/p>\n<p>Tambi\u00e9n se llev\u00f3 a cabo el panel \u201cNueva ley de casaci\u00f3n\u201d con la participaci\u00f3n de Edynson Alarc\u00f3n, juez presidente de la C\u00e1mara Civil y Comercial de la corte de apelaci\u00f3n del Distrito Nacional (D. N.); y los abogados Edgar E. Torres y H\u00e9ctor L\u00f3pez Rodr\u00edguez. En el panel titulado \u201cExtensi\u00f3n de dominio\u201d intervinieron la jueza de la tercera sala del Tribunal Superior de Tierras, Rosanna V\u00e1squez Febrillet y la jueza presidente del Primer Tribunal Colegiado de la C\u00e1mara Penal del D. N., Gisselle M\u00e9ndez.<\/p>\n<p>Asimismo, durante la feria el magistrado Franklin Concepci\u00f3n present\u00f3 su libro \u201cLa ejecuci\u00f3n de sentencias en el proceso contencioso administrativo\u201d.<\/p>\n<p>&nbsp;<\/p>\n","protected":false},"excerpt":{"rendered":"<p>&nbsp; La presidenta de Pro-Competencia insisti\u00f3 en la necesidad de actualizar la ley 42-08 para adaptarla a los cambios que ha experimentado el mercado. Santo Domingo.- Rep\u00fablica Dominicana ha tenido un notable crecimiento econ\u00f3mico en los \u00faltimos a\u00f1os, muy por encima del promedio de Am\u00e9rica Latina y el Caribe, y muestra logros significativos en la [&hellip;]<\/p>\n","protected":false},"author":6,"featured_media":0,"comment_status":"open","ping_status":"open","sticky":false,"template":"","format":"standard","meta":{"om_disable_all_campaigns":false,"_monsterinsights_skip_tracking":false,"_monsterinsights_sitenote_active":false,"_monsterinsights_sitenote_note":"","_monsterinsights_sitenote_category":0,"footnotes":""},"categories":[1],"tags":[325],"class_list":{"0":"post-2197","1":"post","2":"type-post","3":"status-publish","4":"format-standard","6":"category-nacionales","7":"tag-procompetencia"},"aioseo_notices":[],"_links":{"self":[{"href":"https:\/\/periodicolarepublica.com\/index.php\/wp-json\/wp\/v2\/posts\/2197","targetHints":{"allow":["GET"]}}],"collection":[{"href":"https:\/\/periodicolarepublica.com\/index.php\/wp-json\/wp\/v2\/posts"}],"about":[{"href":"https:\/\/periodicolarepublica.com\/index.php\/wp-json\/wp\/v2\/types\/post"}],"author":[{"embeddable":true,"href":"https:\/\/periodicolarepublica.com\/index.php\/wp-json\/wp\/v2\/users\/6"}],"replies":[{"embeddable":true,"href":"https:\/\/periodicolarepublica.com\/index.php\/wp-json\/wp\/v2\/comments?post=2197"}],"version-history":[{"count":1,"href":"https:\/\/periodicolarepublica.com\/index.php\/wp-json\/wp\/v2\/posts\/2197\/revisions"}],"predecessor-version":[{"id":2199,"href":"https:\/\/periodicolarepublica.com\/index.php\/wp-json\/wp\/v2\/posts\/2197\/revisions\/2199"}],"wp:attachment":[{"href":"https:\/\/periodicolarepublica.com\/index.php\/wp-json\/wp\/v2\/media?parent=2197"}],"wp:term":[{"taxonomy":"category","embeddable":true,"href":"https:\/\/periodicolarepublica.com\/index.php\/wp-json\/wp\/v2\/categories?post=2197"},{"taxonomy":"post_tag","embeddable":true,"href":"https:\/\/periodicolarepublica.com\/index.php\/wp-json\/wp\/v2\/tags?post=2197"}],"curies":[{"name":"wp","href":"https:\/\/api.w.org\/{rel}","templated":true}]}}