{"id":2200,"date":"2024-11-25T01:07:54","date_gmt":"2024-11-25T00:07:54","guid":{"rendered":"https:\/\/periodicolarepublica.com\/?p=2200"},"modified":"2024-11-25T01:07:54","modified_gmt":"2024-11-25T00:07:54","slug":"gobierno-avanza-con-el-proceso-de-recuperacion-y-reordenamiento-de-la-playa-sosua","status":"publish","type":"post","link":"https:\/\/periodicolarepublica.com\/index.php\/2024\/11\/25\/gobierno-avanza-con-el-proceso-de-recuperacion-y-reordenamiento-de-la-playa-sosua\/","title":{"rendered":"Gobierno avanza con el proceso de Recuperaci\u00f3n y Reordenamiento de la Playa Sos\u00faa"},"content":{"rendered":"<p>El Proyecto tiene como objetivo el rescate, recuperaci\u00f3n y saneamiento de Playa Sos\u00faa y la organizaci\u00f3n de los Comerciantes de la Playa de Sos\u00faa<\/p>\n<p>Gobierno avanza con el proceso de Recuperaci\u00f3n y Reordenamiento de la Playa Sos\u00faa<\/p>\n<p>Mediante la Colaboraci\u00f3n de Ministerio de Medio Ambiente y Recursos Naturales, SENPA, URBE, adscrita al ministerio de la presidencia, MITUR, Armada Nacional, Polic\u00eda Nacional, POLITUR y la Alcald\u00eda de Sos\u00faa se demolieron estructuras vac\u00edas dentro de los 60 m\u00b2 de Playa<\/p>\n<p><img loading=\"lazy\" decoding=\"async\" class=\"alignnone size-full wp-image-2201\" src=\"https:\/\/periodicolarepublica.com\/wp-content\/uploads\/2024\/11\/300x250-03-1.jpg\" alt=\"\" width=\"300\" height=\"250\" srcset=\"https:\/\/periodicolarepublica.com\/wp-content\/uploads\/2024\/11\/300x250-03-1.jpg?v=1732493220 300w, https:\/\/periodicolarepublica.com\/wp-content\/uploads\/2024\/11\/300x250-03-1-150x125.jpg?v=1732493220 150w\" sizes=\"auto, (max-width: 300px) 100vw, 300px\" \/><\/p>\n<p>El Gobierno dominicano continu\u00f3 con el proceso de saneamiento y recuperaci\u00f3n de la playa de Sos\u00faa con la demolici\u00f3n de estructuras vac\u00edas y previamente notificadas, las cuales se encontraban dentro de los 60 m\u00b2 de playa que establece la ley como no edificables.<\/p>\n","protected":false},"excerpt":{"rendered":"<p>El Proyecto tiene como objetivo el rescate, recuperaci\u00f3n y saneamiento de Playa Sos\u00faa y la organizaci\u00f3n de los Comerciantes de la Playa de Sos\u00faa Gobierno avanza con el proceso de Recuperaci\u00f3n y Reordenamiento de la Playa Sos\u00faa Mediante la Colaboraci\u00f3n de Ministerio de Medio Ambiente y Recursos Naturales, SENPA, URBE, adscrita al ministerio de la [&hellip;]<\/p>\n","protected":false},"author":6,"featured_media":2201,"comment_status":"open","ping_status":"open","sticky":false,"template":"","format":"standard","meta":{"om_disable_all_campaigns":false,"_monsterinsights_skip_tracking":false,"_monsterinsights_sitenote_active":false,"_monsterinsights_sitenote_note":"","_monsterinsights_sitenote_category":0,"footnotes":""},"categories":[1,20],"tags":[],"class_list":{"0":"post-2200","1":"post","2":"type-post","3":"status-publish","4":"format-standard","5":"has-post-thumbnail","7":"category-nacionales","8":"category-turismo"},"aioseo_notices":[],"_links":{"self":[{"href":"https:\/\/periodicolarepublica.com\/index.php\/wp-json\/wp\/v2\/posts\/2200","targetHints":{"allow":["GET"]}}],"collection":[{"href":"https:\/\/periodicolarepublica.com\/index.php\/wp-json\/wp\/v2\/posts"}],"about":[{"href":"https:\/\/periodicolarepublica.com\/index.php\/wp-json\/wp\/v2\/types\/post"}],"author":[{"embeddable":true,"href":"https:\/\/periodicolarepublica.com\/index.php\/wp-json\/wp\/v2\/users\/6"}],"replies":[{"embeddable":true,"href":"https:\/\/periodicolarepublica.com\/index.php\/wp-json\/wp\/v2\/comments?post=2200"}],"version-history":[{"count":1,"href":"https:\/\/periodicolarepublica.com\/index.php\/wp-json\/wp\/v2\/posts\/2200\/revisions"}],"predecessor-version":[{"id":2202,"href":"https:\/\/periodicolarepublica.com\/index.php\/wp-json\/wp\/v2\/posts\/2200\/revisions\/2202"}],"wp:featuredmedia":[{"embeddable":true,"href":"https:\/\/periodicolarepublica.com\/index.php\/wp-json\/wp\/v2\/media\/2201"}],"wp:attachment":[{"href":"https:\/\/periodicolarepublica.com\/index.php\/wp-json\/wp\/v2\/media?parent=2200"}],"wp:term":[{"taxonomy":"category","embeddable":true,"href":"https:\/\/periodicolarepublica.com\/index.php\/wp-json\/wp\/v2\/categories?post=2200"},{"taxonomy":"post_tag","embeddable":true,"href":"https:\/\/periodicolarepublica.com\/index.php\/wp-json\/wp\/v2\/tags?post=2200"}],"curies":[{"name":"wp","href":"https:\/\/api.w.org\/{rel}","templated":true}]}}