{"id":2204,"date":"2024-11-25T23:21:13","date_gmt":"2024-11-25T22:21:13","guid":{"rendered":"https:\/\/periodicolarepublica.com\/?p=2204"},"modified":"2024-11-25T23:21:13","modified_gmt":"2024-11-25T22:21:13","slug":"tomas-hernandez-alberto-felicita-al-gobierno-de-luis-abinader-por-sus-primeros-100-dias-de-gestion","status":"publish","type":"post","link":"https:\/\/periodicolarepublica.com\/index.php\/2024\/11\/25\/tomas-hernandez-alberto-felicita-al-gobierno-de-luis-abinader-por-sus-primeros-100-dias-de-gestion\/","title":{"rendered":"Tom\u00e1s Hern\u00e1ndez Alberto Felicita al Gobierno de Luis Abinader por sus Primeros 100 D\u00edas de Gesti\u00f3n"},"content":{"rendered":"\r\n<p><img loading=\"lazy\" decoding=\"async\" class=\"size-medium wp-image-1956 alignright\" src=\"https:\/\/periodicolarepublica.com\/wp-content\/uploads\/2024\/10\/IMG_20241010_113753-300x199.jpg\" alt=\"\" width=\"300\" height=\"199\" srcset=\"https:\/\/periodicolarepublica.com\/wp-content\/uploads\/2024\/10\/IMG_20241010_113753-300x199.jpg?v=1729606685 300w, https:\/\/periodicolarepublica.com\/wp-content\/uploads\/2024\/10\/IMG_20241010_113753-1024x680.jpg?v=1729606685 1024w, https:\/\/periodicolarepublica.com\/wp-content\/uploads\/2024\/10\/IMG_20241010_113753-768x510.jpg?v=1729606685 768w, https:\/\/periodicolarepublica.com\/wp-content\/uploads\/2024\/10\/IMG_20241010_113753-1536x1020.jpg?v=1729606685 1536w, https:\/\/periodicolarepublica.com\/wp-content\/uploads\/2024\/10\/IMG_20241010_113753-150x100.jpg?v=1729606685 150w, https:\/\/periodicolarepublica.com\/wp-content\/uploads\/2024\/10\/IMG_20241010_113753-600x398.jpg?v=1729606685 600w, https:\/\/periodicolarepublica.com\/wp-content\/uploads\/2024\/10\/IMG_20241010_113753-696x462.jpg?v=1729606685 696w, https:\/\/periodicolarepublica.com\/wp-content\/uploads\/2024\/10\/IMG_20241010_113753-1392x924.jpg?v=1729606685 1392w, https:\/\/periodicolarepublica.com\/wp-content\/uploads\/2024\/10\/IMG_20241010_113753-1068x709.jpg?v=1729606685 1068w, https:\/\/periodicolarepublica.com\/wp-content\/uploads\/2024\/10\/IMG_20241010_113753-1920x1275.jpg?v=1729606685 1920w, https:\/\/periodicolarepublica.com\/wp-content\/uploads\/2024\/10\/IMG_20241010_113753.jpg?v=1729606685 2048w\" sizes=\"auto, (max-width: 300px) 100vw, 300px\" \/>Santo Domingo \u2014 En un acto de reconocimiento a la labor del gobierno del presidente Luis Abinader, el ingeniero Tom\u00e1s Hern\u00e1ndez Alberto expres\u00f3 su felicitaci\u00f3n por los primeros 100 d\u00edas de gesti\u00f3n. Durante este periodo, se ha llevado a cabo la reforma constitucional, un hecho que, seg\u00fan Hern\u00e1ndez, demuestra el compromiso del gobierno con el desarrollo y la transparencia del pa\u00eds.<br \/><br \/>Hern\u00e1ndez destac\u00f3 que la reforma no solo representa un avance significativo en la legislaci\u00f3n nacional, sino que tambi\u00e9n refleja la voluntad de Abinader de cumplir con sus promesas de campa\u00f1a. \u201cEste gobierno ha demostrado que sus acciones est\u00e1n alineadas con sus palabras, lo que genera confianza en la poblaci\u00f3n\u201d, afirm\u00f3.<br \/><br \/>El ingeniero tambi\u00e9n se refiri\u00f3 a las cr\u00edticas que ha recibido el gobierno por parte de la oposici\u00f3n, se\u00f1alando que desde la administraci\u00f3n anterior se ha promovido un discurso de calumnia que carece de credibilidad. \u201cEs lamentable ver c\u00f3mo algunos actores pol\u00edticos se aferran a la desinformaci\u00f3n en vez de contribuir al di\u00e1logo constructivo\u201d, coment\u00f3.<br \/><br \/>En particular, Hern\u00e1ndez mencion\u00f3 a un expresidente que continuamente se dirige al actual mandatario, sugiriendo que a\u00fan no ha aceptado el resultado de las elecciones. \u201cEs hora de que quienes han estado en el poder reconozcan la voluntad del pueblo y dejen de lado las disputas personales\u201d, subray\u00f3.<br \/><br \/>El ingeniero tambi\u00e9n hizo hincapi\u00e9 en la importancia de la unidad nacional en estos momentos. \u201cEl pa\u00eds necesita cohesi\u00f3n y esfuerzo conjunto para superar los desaf\u00edos que enfrentamos. La divisi\u00f3n solo nos debilita\u201d, indic\u00f3.<br \/><br \/>Hern\u00e1ndez concluy\u00f3 su declaraci\u00f3n reiterando su apoyo al gobierno de Abinader y su deseo de que se contin\u00faen implementando pol\u00edticas que beneficien a todos los ciudadanos. \u201cEstamos en un momento clave para el desarrollo de nuestra naci\u00f3n y es fundamental que todos trabajemos juntos\u201d, afirm\u00f3.<br \/><br \/>Finalmente, el ingeniero inst\u00f3 a la oposici\u00f3n a adoptar una postura m\u00e1s constructiva y propositiva, en lugar de enfocarse en ataques personales. \u201cEl futuro del pa\u00eds depende de nuestra capacidad para construir puentes y no muros\u201d, concluy\u00f3.<\/p>\r\n","protected":false},"excerpt":{"rendered":"<p>Santo Domingo \u2014 En un acto de reconocimiento a la labor del gobierno del presidente Luis Abinader, el ingeniero Tom\u00e1s Hern\u00e1ndez Alberto expres\u00f3 su felicitaci\u00f3n por los primeros 100 d\u00edas de gesti\u00f3n. Durante este periodo, se ha llevado a cabo la reforma constitucional, un hecho que, seg\u00fan Hern\u00e1ndez, demuestra el compromiso del gobierno con el [&hellip;]<\/p>\n","protected":false},"author":10,"featured_media":1956,"comment_status":"open","ping_status":"open","sticky":false,"template":"","format":"standard","meta":{"om_disable_all_campaigns":false,"_monsterinsights_skip_tracking":false,"_monsterinsights_sitenote_active":false,"_monsterinsights_sitenote_note":"","_monsterinsights_sitenote_category":0,"footnotes":""},"categories":[1],"tags":[163],"class_list":{"0":"post-2204","1":"post","2":"type-post","3":"status-publish","4":"format-standard","5":"has-post-thumbnail","7":"category-nacionales","8":"tag-tomas-hernandez-alberto"},"aioseo_notices":[],"_links":{"self":[{"href":"https:\/\/periodicolarepublica.com\/index.php\/wp-json\/wp\/v2\/posts\/2204","targetHints":{"allow":["GET"]}}],"collection":[{"href":"https:\/\/periodicolarepublica.com\/index.php\/wp-json\/wp\/v2\/posts"}],"about":[{"href":"https:\/\/periodicolarepublica.com\/index.php\/wp-json\/wp\/v2\/types\/post"}],"author":[{"embeddable":true,"href":"https:\/\/periodicolarepublica.com\/index.php\/wp-json\/wp\/v2\/users\/10"}],"replies":[{"embeddable":true,"href":"https:\/\/periodicolarepublica.com\/index.php\/wp-json\/wp\/v2\/comments?post=2204"}],"version-history":[{"count":2,"href":"https:\/\/periodicolarepublica.com\/index.php\/wp-json\/wp\/v2\/posts\/2204\/revisions"}],"predecessor-version":[{"id":2212,"href":"https:\/\/periodicolarepublica.com\/index.php\/wp-json\/wp\/v2\/posts\/2204\/revisions\/2212"}],"wp:featuredmedia":[{"embeddable":true,"href":"https:\/\/periodicolarepublica.com\/index.php\/wp-json\/wp\/v2\/media\/1956"}],"wp:attachment":[{"href":"https:\/\/periodicolarepublica.com\/index.php\/wp-json\/wp\/v2\/media?parent=2204"}],"wp:term":[{"taxonomy":"category","embeddable":true,"href":"https:\/\/periodicolarepublica.com\/index.php\/wp-json\/wp\/v2\/categories?post=2204"},{"taxonomy":"post_tag","embeddable":true,"href":"https:\/\/periodicolarepublica.com\/index.php\/wp-json\/wp\/v2\/tags?post=2204"}],"curies":[{"name":"wp","href":"https:\/\/api.w.org\/{rel}","templated":true}]}}