{"id":2207,"date":"2024-11-25T23:19:13","date_gmt":"2024-11-25T22:19:13","guid":{"rendered":"https:\/\/periodicolarepublica.com\/?p=2207"},"modified":"2024-11-25T23:19:13","modified_gmt":"2024-11-25T22:19:13","slug":"arajet-inaugura-sus-operaciones-en-aeropuerto-punta-cana","status":"publish","type":"post","link":"https:\/\/periodicolarepublica.com\/index.php\/2024\/11\/25\/arajet-inaugura-sus-operaciones-en-aeropuerto-punta-cana\/","title":{"rendered":"Arajet inaugura sus operaciones en Aeropuerto Punta Cana"},"content":{"rendered":"<p>La aerol\u00ednea sobrepas\u00f3 este mes el mill\u00f3n de pasajeros volados en 2024, hito nunca alcanzado en la aviaci\u00f3n dominicana<\/p>\n<p>Punta Cana. &#8211; Arajet, La aerol\u00ednea de precios bajos del Caribe, inaugur\u00f3 oficialmente sus operaciones desde el Aeropuerto Internacional de Punta Cana (PUJ) con representantes de la aerol\u00ednea y del aeropuerto, al cual iniciaron sus vuelos el pasado 27 de octubre, con lo cual siguen.<\/p>\n<p>V\u00edctor Pacheco, CEO y Fundador de Arajet, indic\u00f3 que la aerol\u00ednea contin\u00faa ampliando su red de destino y conectando a este importante polo tur\u00edstico con el continente americano desde Canad\u00e1 hasta cono sur. Adem\u00e1s, inform\u00f3 que este mes es doblemente especial porque Arajet sobrepas\u00f3 el mill\u00f3n de pasajeros volados en 2024 (incluyendo pasajeros en tr\u00e1nsito), siendo la primera vez en la historia que una aerol\u00ednea dominicana alcanza esta cifra en un a\u00f1o.<\/p>\n<p><img loading=\"lazy\" decoding=\"async\" class=\"alignnone size-medium wp-image-2208\" src=\"https:\/\/periodicolarepublica.com\/wp-content\/uploads\/2024\/11\/Image-22.jfif_-300x200.jpg\" alt=\"\" width=\"300\" height=\"200\" srcset=\"https:\/\/periodicolarepublica.com\/wp-content\/uploads\/2024\/11\/Image-22.jfif_-300x200.jpg?v=1732571907 300w, https:\/\/periodicolarepublica.com\/wp-content\/uploads\/2024\/11\/Image-22.jfif_-768x512.jpg?v=1732571907 768w, https:\/\/periodicolarepublica.com\/wp-content\/uploads\/2024\/11\/Image-22.jfif_-150x100.jpg?v=1732571907 150w, https:\/\/periodicolarepublica.com\/wp-content\/uploads\/2024\/11\/Image-22.jfif_-600x400.jpg?v=1732571907 600w, https:\/\/periodicolarepublica.com\/wp-content\/uploads\/2024\/11\/Image-22.jfif_-696x464.jpg?v=1732571907 696w, https:\/\/periodicolarepublica.com\/wp-content\/uploads\/2024\/11\/Image-22.jfif_.jpg?v=1732571907 1024w\" sizes=\"auto, (max-width: 300px) 100vw, 300px\" \/><\/p>\n<p>\u201cPara Arajet es un compromiso impulsar la llegada de turistas al pa\u00eds ofreci\u00e9ndoles m\u00e1s oportunidades para visitar la Rep\u00fablica Dominicana con los precios m\u00e1s bajos del mercado a trav\u00e9s de nuestra robusta red de destinos y las m\u00e1s de 200 combinaciones de conexiones que actualmente tenemos\u201d, expres\u00f3 Pacheco quien agreg\u00f3 que el gran objetivo es \u201cconvertir a Rep\u00fablica Dominicana en el nuevo Hub a\u00e9reo del continente\u201d.<\/p>\n<p>\u201cHoy celebramos un gran paso en el desarrollo del turismo y la conectividad a\u00e9rea de la Rep\u00fablica Dominicana, con la llegada de Arajet al Aeropuerto de Punta Cana; una aerol\u00ednea que, desde su inicio, ha demostrado un compromiso firme con la calidad, la eficiencia y la expansi\u00f3n de las oportunidades para nuestra naci\u00f3n\u201d cit\u00f3 Frank El\u00edas Rainieri, CEO del Grupo Puntacana.<\/p>\n","protected":false},"excerpt":{"rendered":"<p>La aerol\u00ednea sobrepas\u00f3 este mes el mill\u00f3n de pasajeros volados en 2024, hito nunca alcanzado en la aviaci\u00f3n dominicana Punta Cana. &#8211; Arajet, La aerol\u00ednea de precios bajos del Caribe, inaugur\u00f3 oficialmente sus operaciones desde el Aeropuerto Internacional de Punta Cana (PUJ) con representantes de la aerol\u00ednea y del aeropuerto, al cual iniciaron sus vuelos [&hellip;]<\/p>\n","protected":false},"author":6,"featured_media":2208,"comment_status":"open","ping_status":"open","sticky":false,"template":"","format":"standard","meta":{"om_disable_all_campaigns":false,"_monsterinsights_skip_tracking":false,"_monsterinsights_sitenote_active":false,"_monsterinsights_sitenote_note":"","_monsterinsights_sitenote_category":0,"footnotes":""},"categories":[1,20],"tags":[288,106,29],"class_list":{"0":"post-2207","1":"post","2":"type-post","3":"status-publish","4":"format-standard","5":"has-post-thumbnail","7":"category-nacionales","8":"category-turismo","9":"tag-arajet-com","10":"tag-boletos-aereos","11":"tag-punta-cana"},"aioseo_notices":[],"_links":{"self":[{"href":"https:\/\/periodicolarepublica.com\/index.php\/wp-json\/wp\/v2\/posts\/2207","targetHints":{"allow":["GET"]}}],"collection":[{"href":"https:\/\/periodicolarepublica.com\/index.php\/wp-json\/wp\/v2\/posts"}],"about":[{"href":"https:\/\/periodicolarepublica.com\/index.php\/wp-json\/wp\/v2\/types\/post"}],"author":[{"embeddable":true,"href":"https:\/\/periodicolarepublica.com\/index.php\/wp-json\/wp\/v2\/users\/6"}],"replies":[{"embeddable":true,"href":"https:\/\/periodicolarepublica.com\/index.php\/wp-json\/wp\/v2\/comments?post=2207"}],"version-history":[{"count":1,"href":"https:\/\/periodicolarepublica.com\/index.php\/wp-json\/wp\/v2\/posts\/2207\/revisions"}],"predecessor-version":[{"id":2209,"href":"https:\/\/periodicolarepublica.com\/index.php\/wp-json\/wp\/v2\/posts\/2207\/revisions\/2209"}],"wp:featuredmedia":[{"embeddable":true,"href":"https:\/\/periodicolarepublica.com\/index.php\/wp-json\/wp\/v2\/media\/2208"}],"wp:attachment":[{"href":"https:\/\/periodicolarepublica.com\/index.php\/wp-json\/wp\/v2\/media?parent=2207"}],"wp:term":[{"taxonomy":"category","embeddable":true,"href":"https:\/\/periodicolarepublica.com\/index.php\/wp-json\/wp\/v2\/categories?post=2207"},{"taxonomy":"post_tag","embeddable":true,"href":"https:\/\/periodicolarepublica.com\/index.php\/wp-json\/wp\/v2\/tags?post=2207"}],"curies":[{"name":"wp","href":"https:\/\/api.w.org\/{rel}","templated":true}]}}