{"id":2213,"date":"2024-11-26T21:19:55","date_gmt":"2024-11-26T20:19:55","guid":{"rendered":"https:\/\/periodicolarepublica.com\/?p=2213"},"modified":"2024-11-26T21:19:55","modified_gmt":"2024-11-26T20:19:55","slug":"afp-atlantico-lanzo-el-club-soy","status":"publish","type":"post","link":"https:\/\/periodicolarepublica.com\/index.php\/2024\/11\/26\/afp-atlantico-lanzo-el-club-soy\/","title":{"rendered":"AFP Atl\u00e1ntico lanz\u00f3 el Club Soy"},"content":{"rendered":"<p>AFP Atl\u00e1ntico lanz\u00f3 el Club Soy AFP Atl\u00e1ntico, una plataforma destinada a convertir los aportes provisionales en beneficios concretos para sus afiliados. Esta iniciativa busca mejorar la calidad de vida de los miembros, ofreciendo herramientas de ahorro y descuentos en varios establecimientos.<\/p>\n<p>Durante un desayuno encabezado por el presidente Filipo Ciccone, se destac\u00f3 que el programa refuerza el compromiso de la AFP con la innovaci\u00f3n y tiene un impacto positivo en la econom\u00eda dominicana. Ciccone mencion\u00f3 que los afiliados acceder\u00e1n a descuentos exclusivos que les permitir\u00e1n aumentar su poder adquisitivo.<\/p>\n<p><img loading=\"lazy\" decoding=\"async\" class=\"alignnone size-medium wp-image-2214\" src=\"https:\/\/periodicolarepublica.com\/wp-content\/uploads\/2024\/11\/IMG_20241126_161409-300x196.jpg\" alt=\"\" width=\"300\" height=\"196\" srcset=\"https:\/\/periodicolarepublica.com\/wp-content\/uploads\/2024\/11\/IMG_20241126_161409-300x196.jpg?v=1732652219 300w, https:\/\/periodicolarepublica.com\/wp-content\/uploads\/2024\/11\/IMG_20241126_161409-768x501.jpg?v=1732652219 768w, https:\/\/periodicolarepublica.com\/wp-content\/uploads\/2024\/11\/IMG_20241126_161409-150x98.jpg?v=1732652219 150w, https:\/\/periodicolarepublica.com\/wp-content\/uploads\/2024\/11\/IMG_20241126_161409-600x392.jpg?v=1732652219 600w, https:\/\/periodicolarepublica.com\/wp-content\/uploads\/2024\/11\/IMG_20241126_161409-696x454.jpg?v=1732652219 696w, https:\/\/periodicolarepublica.com\/wp-content\/uploads\/2024\/11\/IMG_20241126_161409.jpg?v=1732652219 902w\" sizes=\"auto, (max-width: 300px) 100vw, 300px\" \/><\/p>\n<p>La plataforma tambi\u00e9n pretende fortalecer la fidelizaci\u00f3n de sus 99,746 afiliados, mediante alianzas con diversas empresas y comercios a nivel nacional. AFP Atl\u00e1ntico es una empresa financiera privada especializada en la gesti\u00f3n de fondos de pensiones.<\/p>\n","protected":false},"excerpt":{"rendered":"<p>AFP Atl\u00e1ntico lanz\u00f3 el Club Soy AFP Atl\u00e1ntico, una plataforma destinada a convertir los aportes provisionales en beneficios concretos para sus afiliados. Esta iniciativa busca mejorar la calidad de vida de los miembros, ofreciendo herramientas de ahorro y descuentos en varios establecimientos. Durante un desayuno encabezado por el presidente Filipo Ciccone, se destac\u00f3 que el [&hellip;]<\/p>\n","protected":false},"author":1,"featured_media":2214,"comment_status":"open","ping_status":"open","sticky":false,"template":"","format":"standard","meta":{"om_disable_all_campaigns":false,"_monsterinsights_skip_tracking":false,"_monsterinsights_sitenote_active":false,"_monsterinsights_sitenote_note":"","_monsterinsights_sitenote_category":0,"footnotes":""},"categories":[1],"tags":[326,327],"class_list":{"0":"post-2213","1":"post","2":"type-post","3":"status-publish","4":"format-standard","5":"has-post-thumbnail","7":"category-nacionales","8":"tag-afp-atlantico","9":"tag-soy-atlantico"},"aioseo_notices":[],"_links":{"self":[{"href":"https:\/\/periodicolarepublica.com\/index.php\/wp-json\/wp\/v2\/posts\/2213","targetHints":{"allow":["GET"]}}],"collection":[{"href":"https:\/\/periodicolarepublica.com\/index.php\/wp-json\/wp\/v2\/posts"}],"about":[{"href":"https:\/\/periodicolarepublica.com\/index.php\/wp-json\/wp\/v2\/types\/post"}],"author":[{"embeddable":true,"href":"https:\/\/periodicolarepublica.com\/index.php\/wp-json\/wp\/v2\/users\/1"}],"replies":[{"embeddable":true,"href":"https:\/\/periodicolarepublica.com\/index.php\/wp-json\/wp\/v2\/comments?post=2213"}],"version-history":[{"count":1,"href":"https:\/\/periodicolarepublica.com\/index.php\/wp-json\/wp\/v2\/posts\/2213\/revisions"}],"predecessor-version":[{"id":2215,"href":"https:\/\/periodicolarepublica.com\/index.php\/wp-json\/wp\/v2\/posts\/2213\/revisions\/2215"}],"wp:featuredmedia":[{"embeddable":true,"href":"https:\/\/periodicolarepublica.com\/index.php\/wp-json\/wp\/v2\/media\/2214"}],"wp:attachment":[{"href":"https:\/\/periodicolarepublica.com\/index.php\/wp-json\/wp\/v2\/media?parent=2213"}],"wp:term":[{"taxonomy":"category","embeddable":true,"href":"https:\/\/periodicolarepublica.com\/index.php\/wp-json\/wp\/v2\/categories?post=2213"},{"taxonomy":"post_tag","embeddable":true,"href":"https:\/\/periodicolarepublica.com\/index.php\/wp-json\/wp\/v2\/tags?post=2213"}],"curies":[{"name":"wp","href":"https:\/\/api.w.org\/{rel}","templated":true}]}}