{"id":2217,"date":"2024-11-27T18:15:01","date_gmt":"2024-11-27T17:15:01","guid":{"rendered":"https:\/\/periodicolarepublica.com\/?p=2217"},"modified":"2024-11-27T18:15:01","modified_gmt":"2024-11-27T17:15:01","slug":"rd-recibe-mas-de-9-millones-de-visitantes-hasta-el-mes-de-octubre","status":"publish","type":"post","link":"https:\/\/periodicolarepublica.com\/index.php\/2024\/11\/27\/rd-recibe-mas-de-9-millones-de-visitantes-hasta-el-mes-de-octubre\/","title":{"rendered":"RD recibe m\u00e1s de 9 millones de visitantes hasta el mes de octubre"},"content":{"rendered":"<p>Rep\u00fablica Dominicana sigue firme en su meta de alcanzar los 11.5 millones de visitantes a final de a\u00f1o, al registrar la llegada de 9,082,298 visitantes en los primeros diez meses de este a\u00f1o y 719,849 solo en octubre.<\/p>\n<p>As\u00ed lo inform\u00f3 este mi\u00e9rcoles el ministro de Turismo, David Collado al presentar las estad\u00edsticas del comportamiento del sector octubre, tras indicar que los 9,082,298 visitantes reflejan un crecimiento de 46% respecto al mismo periodo del 2019, un 35% frente al 2022 y un 10% en comparaci\u00f3n al a\u00f1o pasado.<\/p>\n<p><img loading=\"lazy\" decoding=\"async\" class=\"alignnone size-medium wp-image-2218\" src=\"https:\/\/periodicolarepublica.com\/wp-content\/uploads\/2024\/11\/IMG-20241127-WA0011-300x217.jpg\" alt=\"\" width=\"300\" height=\"217\" \/><\/p>\n","protected":false},"excerpt":{"rendered":"<p>Rep\u00fablica Dominicana sigue firme en su meta de alcanzar los 11.5 millones de visitantes a final de a\u00f1o, al registrar la llegada de 9,082,298 visitantes en los primeros diez meses de este a\u00f1o y 719,849 solo en octubre. As\u00ed lo inform\u00f3 este mi\u00e9rcoles el ministro de Turismo, David Collado al presentar las estad\u00edsticas del comportamiento [&hellip;]<\/p>\n","protected":false},"author":6,"featured_media":0,"comment_status":"open","ping_status":"open","sticky":false,"template":"","format":"standard","meta":{"om_disable_all_campaigns":false,"_monsterinsights_skip_tracking":false,"_monsterinsights_sitenote_active":false,"_monsterinsights_sitenote_note":"","_monsterinsights_sitenote_category":0,"footnotes":""},"categories":[1,20],"tags":[29,328],"class_list":{"0":"post-2217","1":"post","2":"type-post","3":"status-publish","4":"format-standard","6":"category-nacionales","7":"category-turismo","8":"tag-punta-cana","9":"tag-turismo-rd"},"aioseo_notices":[],"_links":{"self":[{"href":"https:\/\/periodicolarepublica.com\/index.php\/wp-json\/wp\/v2\/posts\/2217","targetHints":{"allow":["GET"]}}],"collection":[{"href":"https:\/\/periodicolarepublica.com\/index.php\/wp-json\/wp\/v2\/posts"}],"about":[{"href":"https:\/\/periodicolarepublica.com\/index.php\/wp-json\/wp\/v2\/types\/post"}],"author":[{"embeddable":true,"href":"https:\/\/periodicolarepublica.com\/index.php\/wp-json\/wp\/v2\/users\/6"}],"replies":[{"embeddable":true,"href":"https:\/\/periodicolarepublica.com\/index.php\/wp-json\/wp\/v2\/comments?post=2217"}],"version-history":[{"count":1,"href":"https:\/\/periodicolarepublica.com\/index.php\/wp-json\/wp\/v2\/posts\/2217\/revisions"}],"predecessor-version":[{"id":2219,"href":"https:\/\/periodicolarepublica.com\/index.php\/wp-json\/wp\/v2\/posts\/2217\/revisions\/2219"}],"wp:attachment":[{"href":"https:\/\/periodicolarepublica.com\/index.php\/wp-json\/wp\/v2\/media?parent=2217"}],"wp:term":[{"taxonomy":"category","embeddable":true,"href":"https:\/\/periodicolarepublica.com\/index.php\/wp-json\/wp\/v2\/categories?post=2217"},{"taxonomy":"post_tag","embeddable":true,"href":"https:\/\/periodicolarepublica.com\/index.php\/wp-json\/wp\/v2\/tags?post=2217"}],"curies":[{"name":"wp","href":"https:\/\/api.w.org\/{rel}","templated":true}]}}