{"id":2221,"date":"2024-11-28T20:59:24","date_gmt":"2024-11-28T19:59:24","guid":{"rendered":"https:\/\/periodicolarepublica.com\/?p=2221"},"modified":"2024-11-28T20:59:24","modified_gmt":"2024-11-28T19:59:24","slug":"msp-enfermedades-de-notificacion-obligatoria-permanecen-bajo-control-en-el-pais","status":"publish","type":"post","link":"https:\/\/periodicolarepublica.com\/index.php\/2024\/11\/28\/msp-enfermedades-de-notificacion-obligatoria-permanecen-bajo-control-en-el-pais\/","title":{"rendered":"MSP: enfermedades de notificaci\u00f3n obligatoria permanecen bajo control en el pa\u00eds"},"content":{"rendered":"\r\n<p><img loading=\"lazy\" decoding=\"async\" class=\"size-medium wp-image-1580 alignright\" src=\"https:\/\/periodicolarepublica.com\/wp-content\/uploads\/2024\/08\/IMG-20240828-WA0019-300x200.jpg\" alt=\"\" width=\"300\" height=\"200\" srcset=\"https:\/\/periodicolarepublica.com\/wp-content\/uploads\/2024\/08\/IMG-20240828-WA0019-300x200.jpg?v=1724860798 300w, https:\/\/periodicolarepublica.com\/wp-content\/uploads\/2024\/08\/IMG-20240828-WA0019-1024x682.jpg?v=1724860798 1024w, https:\/\/periodicolarepublica.com\/wp-content\/uploads\/2024\/08\/IMG-20240828-WA0019-768x512.jpg?v=1724860798 768w, https:\/\/periodicolarepublica.com\/wp-content\/uploads\/2024\/08\/IMG-20240828-WA0019-1536x1023.jpg?v=1724860798 1536w, https:\/\/periodicolarepublica.com\/wp-content\/uploads\/2024\/08\/IMG-20240828-WA0019-150x100.jpg?v=1724860798 150w, https:\/\/periodicolarepublica.com\/wp-content\/uploads\/2024\/08\/IMG-20240828-WA0019-600x400.jpg?v=1724860798 600w, https:\/\/periodicolarepublica.com\/wp-content\/uploads\/2024\/08\/IMG-20240828-WA0019-696x464.jpg?v=1724860798 696w, https:\/\/periodicolarepublica.com\/wp-content\/uploads\/2024\/08\/IMG-20240828-WA0019-1392x927.jpg?v=1724860798 1392w, https:\/\/periodicolarepublica.com\/wp-content\/uploads\/2024\/08\/IMG-20240828-WA0019-1068x712.jpg?v=1724860798 1068w, https:\/\/periodicolarepublica.com\/wp-content\/uploads\/2024\/08\/IMG-20240828-WA0019.jpg?v=1724860798 1600w\" sizes=\"auto, (max-width: 300px) 100vw, 300px\" \/>Santo Domingo\u00a0 El Ministerio de Salud P\u00fablica (MSP) inform\u00f3 este jueves por medio a su Bolet\u00edn Epidemiol\u00f3gico que enfermedades como el dengue, la malaria, leptospirosis, c\u00f3lera, COVID-19 entre otras, contin\u00faan registrando baja incidencia en el pa\u00eds, por lo que precisa que estas enfermedades de notificaci\u00f3n obligatoria permanecen bajo control.<br \/><br \/>Al emitir su bolet\u00edn correspondiente a la Semana Epidemiol\u00f3gica n\u00famero 46, la instituci\u00f3n de Salud indic\u00f3 que enfermedades como difteria, polio, rubeola, rabia humana, sarampi\u00f3n y tosferina presentan notificaci\u00f3n cero, mientras que se registra un caso de t\u00e9tanos (mayor de 5 a\u00f1os de edad) y otro de enfermedad meningoc\u00f3sica.<br \/><br \/>Estos eventos de salud presentan incidencia por debajo de cero, a excepci\u00f3n del dengue que se coloca en 13.22 y la malaria que se encuentra en 10.16.<br \/><br \/>Sobre los indicadores de muertes maternas se registran tres fallecimientos correspondientes a madres dominicanas, con un acumulado de 151 decesos hasta la presente semana epidemiol\u00f3gica 46. Al comparar esa cifra con el pasado a\u00f1o 2023, contin\u00faan en descenso.<br \/><br \/>De muertes infantiles se registran 32, con un acumulado de 1,882 fallecimientos, 851 fallecimientos menos que el pasado a\u00f1o.<br \/><br \/>*Poblaciones Vulnerables*<br \/>En su m\u00e1s reciente bolet\u00edn, la Direcci\u00f3n de Epidemiolog\u00eda presenta como tema principal \u00abLas Poblaciones Vulnerables\u00bb, donde las define como las poblaciones con mayor susceptibilidad de sufrir da\u00f1os, riesgos de salud o desventajas debido a diversos factores.<br \/><br \/>El escrito hace referencia a la encuesta ENHOGAR-2013, que indica que en Rep\u00fablica Dominicana la prevalencia de las personas con alguna discapacidad alcanza al 7.0% y seg\u00fan datos del SIUBEN (2021), la poblaci\u00f3n con discapacidad de 5 a\u00f1os o m\u00e1s, el 57.8% corresponde al sexo femenino y el 42.2% al sexo masculino, se\u00f1alando un incremento incluso a partir de los 60 a\u00f1os, quienes seg\u00fan el censo poblacional del 2022 representan un 11.5%, con proyecci\u00f3n de un aumento al 20% en el a\u00f1o 2050.<br \/><br \/>El Ministerio de Salud dominicano procura, promueve y acciona para que a las poblaciones vulnerables se les preste atenci\u00f3n especial, en todo momento, sobre todo frente a eventos de salud, amenaza por fen\u00f3menos de la naturaleza o situaciones de cuidado con la finalidad de preservar su integridad y cuidar su salud.<br \/><br \/>El MSP contin\u00faa reforzando las acciones para que las poblaciones vulnerables se encuentren seguras en las estancias de salud, recibiendo atenci\u00f3n digna y de calidad.<\/p>\r\n","protected":false},"excerpt":{"rendered":"<p>Santo Domingo\u00a0 El Ministerio de Salud P\u00fablica (MSP) inform\u00f3 este jueves por medio a su Bolet\u00edn Epidemiol\u00f3gico que enfermedades como el dengue, la malaria, leptospirosis, c\u00f3lera, COVID-19 entre otras, contin\u00faan registrando baja incidencia en el pa\u00eds, por lo que precisa que estas enfermedades de notificaci\u00f3n obligatoria permanecen bajo control. Al emitir su bolet\u00edn correspondiente a [&hellip;]<\/p>\n","protected":false},"author":10,"featured_media":1580,"comment_status":"open","ping_status":"open","sticky":false,"template":"","format":"standard","meta":{"om_disable_all_campaigns":false,"_monsterinsights_skip_tracking":false,"_monsterinsights_sitenote_active":false,"_monsterinsights_sitenote_note":"","_monsterinsights_sitenote_category":0,"footnotes":""},"categories":[1],"tags":[307],"class_list":{"0":"post-2221","1":"post","2":"type-post","3":"status-publish","4":"format-standard","5":"has-post-thumbnail","7":"category-nacionales","8":"tag-ministerio-de-salud-publica"},"aioseo_notices":[],"_links":{"self":[{"href":"https:\/\/periodicolarepublica.com\/index.php\/wp-json\/wp\/v2\/posts\/2221","targetHints":{"allow":["GET"]}}],"collection":[{"href":"https:\/\/periodicolarepublica.com\/index.php\/wp-json\/wp\/v2\/posts"}],"about":[{"href":"https:\/\/periodicolarepublica.com\/index.php\/wp-json\/wp\/v2\/types\/post"}],"author":[{"embeddable":true,"href":"https:\/\/periodicolarepublica.com\/index.php\/wp-json\/wp\/v2\/users\/10"}],"replies":[{"embeddable":true,"href":"https:\/\/periodicolarepublica.com\/index.php\/wp-json\/wp\/v2\/comments?post=2221"}],"version-history":[{"count":2,"href":"https:\/\/periodicolarepublica.com\/index.php\/wp-json\/wp\/v2\/posts\/2221\/revisions"}],"predecessor-version":[{"id":2244,"href":"https:\/\/periodicolarepublica.com\/index.php\/wp-json\/wp\/v2\/posts\/2221\/revisions\/2244"}],"wp:featuredmedia":[{"embeddable":true,"href":"https:\/\/periodicolarepublica.com\/index.php\/wp-json\/wp\/v2\/media\/1580"}],"wp:attachment":[{"href":"https:\/\/periodicolarepublica.com\/index.php\/wp-json\/wp\/v2\/media?parent=2221"}],"wp:term":[{"taxonomy":"category","embeddable":true,"href":"https:\/\/periodicolarepublica.com\/index.php\/wp-json\/wp\/v2\/categories?post=2221"},{"taxonomy":"post_tag","embeddable":true,"href":"https:\/\/periodicolarepublica.com\/index.php\/wp-json\/wp\/v2\/tags?post=2221"}],"curies":[{"name":"wp","href":"https:\/\/api.w.org\/{rel}","templated":true}]}}