{"id":2224,"date":"2024-11-28T01:12:16","date_gmt":"2024-11-28T00:12:16","guid":{"rendered":"https:\/\/periodicolarepublica.com\/?p=2224"},"modified":"2024-11-28T01:12:16","modified_gmt":"2024-11-28T00:12:16","slug":"felix-navidad-merengues-navidenos-un-disco-de-la-leyenda-felix-del-rosario","status":"publish","type":"post","link":"https:\/\/periodicolarepublica.com\/index.php\/2024\/11\/28\/felix-navidad-merengues-navidenos-un-disco-de-la-leyenda-felix-del-rosario\/","title":{"rendered":"\u201cF\u00e9lix Navidad: Merengues Navide\u00f1os\u201d, un disco de la leyenda F\u00e9lix del Rosario"},"content":{"rendered":"<p>Con el alma del merengue dominicano y la calidez de la Navidad, este es un \u00e1lbum lleno de recuerdos, alegr\u00eda y uni\u00f3n familiar<\/p>\n<p>Santo Domingo \u2013 En esta temporada navide\u00f1a, la magia del merengue y el esp\u00edritu festivo se fusionan de manera sublime en \u201cF\u00e9lix Navidad: Merengues Navide\u00f1os\u201d, un \u00e1lbum que celebra la obra inmortal del fenecido F\u00e9lix del Rosario, uno de los pilares del merengue dominicano. Esta recopilaci\u00f3n especial revive los temas m\u00e1s emblem\u00e1ticos del artista, ofreciendo una experiencia sonora que lleva consigo la esencia de la Navidad y la calidez de la tradici\u00f3n.<\/p>\n<p><img loading=\"lazy\" decoding=\"async\" class=\"alignnone size-medium wp-image-2225\" src=\"https:\/\/periodicolarepublica.com\/wp-content\/uploads\/2024\/11\/Flyer-disco-300x300.jpeg\" alt=\"\" width=\"300\" height=\"300\" \/><\/p>\n<p>Distribuido por La Oreja Media Group, el \u00e1lbum ha sido cuidadosamente digitalizado a partir de<\/p>\n<p>los masters originales, bajo la producci\u00f3n de Radhy Miranda, para garantizar una calidad impecable y adaptada a los tiempos modernos. Este homenaje a la m\u00fasica de F\u00e9lix del Rosario no solo es un regalo para los amantes del merengue, sino un viaje nost\u00e1lgico a los recuerdos m\u00e1s hermosos de la Navidad en Rep\u00fablica Dominicana.<\/p>\n<p>El repertorio incluye cl\u00e1sicos como \u201cLleg\u00f3 Navidad\u201d, \u201cCascabel\u201d, \u201cLa rosa blanca\u201d, \u201cCandela\u201d, \u201cAlegre vengo\u201d, \u201cLa Juma\u201d, y \u201cNavidad sin mi madre\u201d<\/p>\n","protected":false},"excerpt":{"rendered":"<p>Con el alma del merengue dominicano y la calidez de la Navidad, este es un \u00e1lbum lleno de recuerdos, alegr\u00eda y uni\u00f3n familiar Santo Domingo \u2013 En esta temporada navide\u00f1a, la magia del merengue y el esp\u00edritu festivo se fusionan de manera sublime en \u201cF\u00e9lix Navidad: Merengues Navide\u00f1os\u201d, un \u00e1lbum que celebra la obra inmortal [&hellip;]<\/p>\n","protected":false},"author":6,"featured_media":0,"comment_status":"open","ping_status":"open","sticky":false,"template":"","format":"standard","meta":{"om_disable_all_campaigns":false,"_monsterinsights_skip_tracking":false,"_monsterinsights_sitenote_active":false,"_monsterinsights_sitenote_note":"","_monsterinsights_sitenote_category":0,"footnotes":""},"categories":[1],"tags":[329,330],"class_list":{"0":"post-2224","1":"post","2":"type-post","3":"status-publish","4":"format-standard","6":"category-nacionales","7":"tag-felix-del-rosario","8":"tag-tradicional-navidad"},"aioseo_notices":[],"_links":{"self":[{"href":"https:\/\/periodicolarepublica.com\/index.php\/wp-json\/wp\/v2\/posts\/2224","targetHints":{"allow":["GET"]}}],"collection":[{"href":"https:\/\/periodicolarepublica.com\/index.php\/wp-json\/wp\/v2\/posts"}],"about":[{"href":"https:\/\/periodicolarepublica.com\/index.php\/wp-json\/wp\/v2\/types\/post"}],"author":[{"embeddable":true,"href":"https:\/\/periodicolarepublica.com\/index.php\/wp-json\/wp\/v2\/users\/6"}],"replies":[{"embeddable":true,"href":"https:\/\/periodicolarepublica.com\/index.php\/wp-json\/wp\/v2\/comments?post=2224"}],"version-history":[{"count":1,"href":"https:\/\/periodicolarepublica.com\/index.php\/wp-json\/wp\/v2\/posts\/2224\/revisions"}],"predecessor-version":[{"id":2226,"href":"https:\/\/periodicolarepublica.com\/index.php\/wp-json\/wp\/v2\/posts\/2224\/revisions\/2226"}],"wp:attachment":[{"href":"https:\/\/periodicolarepublica.com\/index.php\/wp-json\/wp\/v2\/media?parent=2224"}],"wp:term":[{"taxonomy":"category","embeddable":true,"href":"https:\/\/periodicolarepublica.com\/index.php\/wp-json\/wp\/v2\/categories?post=2224"},{"taxonomy":"post_tag","embeddable":true,"href":"https:\/\/periodicolarepublica.com\/index.php\/wp-json\/wp\/v2\/tags?post=2224"}],"curies":[{"name":"wp","href":"https:\/\/api.w.org\/{rel}","templated":true}]}}