{"id":2229,"date":"2024-11-28T01:21:29","date_gmt":"2024-11-28T00:21:29","guid":{"rendered":"https:\/\/periodicolarepublica.com\/?p=2229"},"modified":"2024-11-28T01:21:29","modified_gmt":"2024-11-28T00:21:29","slug":"adeja-fomenta-la-integracion-de-exbecarios-del-infotep-y-anuncia-la-formacion-del-capitulo-adeja-infotep-2","status":"publish","type":"post","link":"https:\/\/periodicolarepublica.com\/index.php\/2024\/11\/28\/adeja-fomenta-la-integracion-de-exbecarios-del-infotep-y-anuncia-la-formacion-del-capitulo-adeja-infotep-2\/","title":{"rendered":"ADEJA fomenta la integraci\u00f3n de exbecarios del INFOTEP y anuncia la formaci\u00f3n del cap\u00edtulo ADEJA-INFOTEP"},"content":{"rendered":"<p>&nbsp;<\/p>\n<p>Santo Domingo, Rep\u00fablica Dominicana \u2013 La Asociaci\u00f3n Dominicana de Exbecarios del Jap\u00f3n (ADEJA) realiz\u00f3 el pasado 15 de noviembre de 2024, el encuentro \u00abAdejanos del INFOTEP 2024\u00bb, un evento que marc\u00f3 un paso significativo hacia la integraci\u00f3n de exbecarios del Instituto Nacional de Formaci\u00f3n T\u00e9cnico Profesional (INFOTEP) en las iniciativas de la organizaci\u00f3n. Durante la actividad, se anunci\u00f3 la creaci\u00f3n del nuevo cap\u00edtulo ADEJA-INFOTEP, consolidando una alianza estrat\u00e9gica entre ambas instituciones.<\/p>\n<p>&nbsp;<\/p>\n<p><img loading=\"lazy\" decoding=\"async\" class=\"alignnone size-medium wp-image-2230\" src=\"https:\/\/periodicolarepublica.com\/wp-content\/uploads\/2024\/11\/06.-Encuentro-ADEJA-Infotep-300x200.jpg\" alt=\"\" width=\"300\" height=\"200\" \/><\/p>\n<p>El evento, celebrado en el sal\u00f3n principal del INFOTEP, reuni\u00f3 a destacados exbecarios, representantes institucionales y autoridades clave. La agenda incluy\u00f3 intervenciones de alto nivel, iniciando con palabras de bienvenida del director general del INFOTEP, el profesor Rafael Santos, y del representante residente adjunto de JICA, Sr. Kenta Sasaki.<\/p>\n","protected":false},"excerpt":{"rendered":"<p>&nbsp; Santo Domingo, Rep\u00fablica Dominicana \u2013 La Asociaci\u00f3n Dominicana de Exbecarios del Jap\u00f3n (ADEJA) realiz\u00f3 el pasado 15 de noviembre de 2024, el encuentro \u00abAdejanos del INFOTEP 2024\u00bb, un evento que marc\u00f3 un paso significativo hacia la integraci\u00f3n de exbecarios del Instituto Nacional de Formaci\u00f3n T\u00e9cnico Profesional (INFOTEP) en las iniciativas de la organizaci\u00f3n. Durante [&hellip;]<\/p>\n","protected":false},"author":6,"featured_media":0,"comment_status":"open","ping_status":"open","sticky":false,"template":"","format":"standard","meta":{"om_disable_all_campaigns":false,"_monsterinsights_skip_tracking":false,"_monsterinsights_sitenote_active":false,"_monsterinsights_sitenote_note":"","_monsterinsights_sitenote_category":0,"footnotes":""},"categories":[1,20],"tags":[332],"class_list":{"0":"post-2229","1":"post","2":"type-post","3":"status-publish","4":"format-standard","6":"category-nacionales","7":"category-turismo","8":"tag-infotep"},"aioseo_notices":[],"_links":{"self":[{"href":"https:\/\/periodicolarepublica.com\/index.php\/wp-json\/wp\/v2\/posts\/2229","targetHints":{"allow":["GET"]}}],"collection":[{"href":"https:\/\/periodicolarepublica.com\/index.php\/wp-json\/wp\/v2\/posts"}],"about":[{"href":"https:\/\/periodicolarepublica.com\/index.php\/wp-json\/wp\/v2\/types\/post"}],"author":[{"embeddable":true,"href":"https:\/\/periodicolarepublica.com\/index.php\/wp-json\/wp\/v2\/users\/6"}],"replies":[{"embeddable":true,"href":"https:\/\/periodicolarepublica.com\/index.php\/wp-json\/wp\/v2\/comments?post=2229"}],"version-history":[{"count":1,"href":"https:\/\/periodicolarepublica.com\/index.php\/wp-json\/wp\/v2\/posts\/2229\/revisions"}],"predecessor-version":[{"id":2231,"href":"https:\/\/periodicolarepublica.com\/index.php\/wp-json\/wp\/v2\/posts\/2229\/revisions\/2231"}],"wp:attachment":[{"href":"https:\/\/periodicolarepublica.com\/index.php\/wp-json\/wp\/v2\/media?parent=2229"}],"wp:term":[{"taxonomy":"category","embeddable":true,"href":"https:\/\/periodicolarepublica.com\/index.php\/wp-json\/wp\/v2\/categories?post=2229"},{"taxonomy":"post_tag","embeddable":true,"href":"https:\/\/periodicolarepublica.com\/index.php\/wp-json\/wp\/v2\/tags?post=2229"}],"curies":[{"name":"wp","href":"https:\/\/api.w.org\/{rel}","templated":true}]}}