{"id":2249,"date":"2024-11-30T18:42:46","date_gmt":"2024-11-30T17:42:46","guid":{"rendered":"https:\/\/periodicolarepublica.com\/?p=2249"},"modified":"2024-11-30T18:42:46","modified_gmt":"2024-11-30T17:42:46","slug":"club-victor-burgos-celebra-30-anos-de-trayectoria-en-el-deporte-y-la-cultura","status":"publish","type":"post","link":"https:\/\/periodicolarepublica.com\/index.php\/2024\/11\/30\/club-victor-burgos-celebra-30-anos-de-trayectoria-en-el-deporte-y-la-cultura\/","title":{"rendered":"Club V\u00edctor Burgos celebra 30 a\u00f1os de trayectoria en el deporte y la cultura"},"content":{"rendered":"<p>Santo Domingo.\u2013 El Club Deportivo y Cultural V\u00edctor Burgos celebr\u00f3 este s\u00e1bado su trig\u00e9simo aniversario con una jornada especial que reuni\u00f3 a empresarios, l\u00edderes sociales y figuras pol\u00edticas del municipio Santo Domingo Norte.<\/p>\n<p>La actividad, que tuvo lugar en Los Palmares de Sabana Perdida, inici\u00f3 con un variado programa en fomento del deporte y la cultura, destacando la labor que durante tres d\u00e9cadas ha realizado la instituci\u00f3n en beneficio de la comunidad.<\/p>\n<p>Robert Molina, presidente de la Comisi\u00f3n Organizadora del evento, destac\u00f3 en sus palabras centrales el impacto social de los clubes en los barrios.<\/p>\n<p>\u201cLos clubes son las \u00fanicas organizaciones que est\u00e1n trabajando a favor de la ni\u00f1ez y la juventud. Gracias al esfuerzo de nuestra dirigencia, hemos promovido disciplinas como baloncesto, voleibol, f\u00fatbol sala y lucha, entre otros, fortaleciendo el desarrollo integral de nuestros atletas\u201d, afirm\u00f3.<\/p>\n<p>Asimismo, Molina subray\u00f3 los avances y transformaciones logrados por el club a lo largo de estos 30 a\u00f1os, resaltando su contribuci\u00f3n a la formaci\u00f3n de grandes atletas, dirigentes y profesionales.<\/p>\n<p>\u201cEl legado del Club V\u00edctor Burgos en la sociedad y el deporte es invaluable\u201d, puntualiz\u00f3.<\/p>\n<p>&nbsp;<\/p>\n<p>La celebraci\u00f3n cont\u00f3 con el apoyo de miembros de la Junta Directiva y un equipo organizador comprometido, respaldado por destacados hombres y mujeres del municipio.<\/p>\n<p><img loading=\"lazy\" decoding=\"async\" class=\"alignnone size-medium wp-image-2250\" src=\"https:\/\/periodicolarepublica.com\/wp-content\/uploads\/2024\/11\/IMG-20241130-WA0040-300x200.jpg\" alt=\"\" width=\"300\" height=\"200\" \/><\/p>\n<p>Entre los asistentes estuvieron personalidades municipales, diputados al Congreso Nacional y l\u00edderes pol\u00edticos, quienes reconocieron la importancia de la labor del club para el desarrollo de la comunidad.<\/p>\n<p>&nbsp;<\/p>\n<p>El Club V\u00edctor Burgos reafirma su compromiso de continuar fomentando valores a trav\u00e9s del deporte y la cultura, consolid\u00e1ndose como un pilar en la vida social de Santo Domingo Norte.<\/p>\n<p>Entre los presentes estuvo la primera alcaldesa de esa demarcaci\u00f3n Betty Geronimo Santana, los Diputados Ram\u00f3n Rasposo, Patricia N\u00fa\u00f1ez, Junior Mu\u00f1oz, Robert Molina, la intendente de la gobernaci\u00f3n Aracelis Sanchez, Sony Burgos, entre otros dirigentes del Club V\u00edctor Burgos.<\/p>\n","protected":false},"excerpt":{"rendered":"<p>Santo Domingo.\u2013 El Club Deportivo y Cultural V\u00edctor Burgos celebr\u00f3 este s\u00e1bado su trig\u00e9simo aniversario con una jornada especial que reuni\u00f3 a empresarios, l\u00edderes sociales y figuras pol\u00edticas del municipio Santo Domingo Norte. La actividad, que tuvo lugar en Los Palmares de Sabana Perdida, inici\u00f3 con un variado programa en fomento del deporte y la [&hellip;]<\/p>\n","protected":false},"author":6,"featured_media":0,"comment_status":"open","ping_status":"open","sticky":false,"template":"","format":"standard","meta":{"om_disable_all_campaigns":false,"_monsterinsights_skip_tracking":false,"_monsterinsights_sitenote_active":false,"_monsterinsights_sitenote_note":"","_monsterinsights_sitenote_category":0,"footnotes":""},"categories":[1],"tags":[],"class_list":{"0":"post-2249","1":"post","2":"type-post","3":"status-publish","4":"format-standard","6":"category-nacionales"},"aioseo_notices":[],"_links":{"self":[{"href":"https:\/\/periodicolarepublica.com\/index.php\/wp-json\/wp\/v2\/posts\/2249","targetHints":{"allow":["GET"]}}],"collection":[{"href":"https:\/\/periodicolarepublica.com\/index.php\/wp-json\/wp\/v2\/posts"}],"about":[{"href":"https:\/\/periodicolarepublica.com\/index.php\/wp-json\/wp\/v2\/types\/post"}],"author":[{"embeddable":true,"href":"https:\/\/periodicolarepublica.com\/index.php\/wp-json\/wp\/v2\/users\/6"}],"replies":[{"embeddable":true,"href":"https:\/\/periodicolarepublica.com\/index.php\/wp-json\/wp\/v2\/comments?post=2249"}],"version-history":[{"count":1,"href":"https:\/\/periodicolarepublica.com\/index.php\/wp-json\/wp\/v2\/posts\/2249\/revisions"}],"predecessor-version":[{"id":2251,"href":"https:\/\/periodicolarepublica.com\/index.php\/wp-json\/wp\/v2\/posts\/2249\/revisions\/2251"}],"wp:attachment":[{"href":"https:\/\/periodicolarepublica.com\/index.php\/wp-json\/wp\/v2\/media?parent=2249"}],"wp:term":[{"taxonomy":"category","embeddable":true,"href":"https:\/\/periodicolarepublica.com\/index.php\/wp-json\/wp\/v2\/categories?post=2249"},{"taxonomy":"post_tag","embeddable":true,"href":"https:\/\/periodicolarepublica.com\/index.php\/wp-json\/wp\/v2\/tags?post=2249"}],"curies":[{"name":"wp","href":"https:\/\/api.w.org\/{rel}","templated":true}]}}