{"id":2260,"date":"2024-12-03T02:57:19","date_gmt":"2024-12-03T01:57:19","guid":{"rendered":"https:\/\/periodicolarepublica.com\/?p=2260"},"modified":"2024-12-03T02:57:19","modified_gmt":"2024-12-03T01:57:19","slug":"diputada-elvira-corporan-anuncia-actividades-por-motivo-de-la-navidad-en-su-provincia","status":"publish","type":"post","link":"https:\/\/periodicolarepublica.com\/index.php\/2024\/12\/03\/diputada-elvira-corporan-anuncia-actividades-por-motivo-de-la-navidad-en-su-provincia\/","title":{"rendered":"Diputada Elvira Corpor\u00e1n anuncia actividades por motivo de la Navidad en su provincia"},"content":{"rendered":"\r\n<p><img loading=\"lazy\" decoding=\"async\" class=\"size-medium wp-image-2263 alignright\" src=\"https:\/\/periodicolarepublica.com\/wp-content\/uploads\/2024\/12\/IMG-20241202-WA0069-300x146.jpg\" alt=\"\" width=\"300\" height=\"146\" \/>San Juan de la Maguana. La diputada por el Partido Revolucionario Moderno (PRM) Elvira Corpor\u00e1n de los Santos anunci\u00f3 una serie de actividades con motivo a la Navidad, que desarrollar\u00e1 en barrios y municipios de San Juan, con el<br \/>prop\u00f3sito de tener encuentros de solidaridad y familiaridad con los mun\u00edcipes.<br \/><br \/>La congresista asegur\u00f3 que es un compromiso moral con cada habitante de los barrios y localidades municipales, de reunirse y compartir una cena o un almuerzo en esta \u00e9poca tan importante del a\u00f1o, que une a las familias en el amor de Dios.<br \/><br \/>Corpor\u00e1n dijo que trabaja desde la C\u00e1mara de Diputados para que los sanjuaneros tengan mejores oportunidades de desarrollo y crecimiento personal, adem\u00e1s de gestionar soluciones para que en esta \u00e9poca cada familia pueda disfrutar de una Navidad diferente, llena de amor, alegr\u00eda, felicidad y recibir el 2025 con nuevas esperanzas de prosperidad.<br \/><br \/>La exgobernadora y ahora diputada, siempre preocupada por el bienestar de las personas m\u00e1s necesitadas, asegur\u00f3 que los almuerzos y cenas navide\u00f1as se relizar\u00e1n en coordinaci\u00f3n con las juntas de vecinos de los barrios y municipios.<br \/><br \/>La diputada Elvira Corpor\u00e1n agradeci\u00f3 la oportunidad que le ha permitido la provincia ante el Congreso Nacional, donde est\u00e1 trabajando en diferentes comisiones, promoviendo cada proyecto que beneficie la provincia y el pa\u00eds.<\/p>\r\n","protected":false},"excerpt":{"rendered":"<p>San Juan de la Maguana. La diputada por el Partido Revolucionario Moderno (PRM) Elvira Corpor\u00e1n de los Santos anunci\u00f3 una serie de actividades con motivo a la Navidad, que desarrollar\u00e1 en barrios y municipios de San Juan, con elprop\u00f3sito de tener encuentros de solidaridad y familiaridad con los mun\u00edcipes. La congresista asegur\u00f3 que es un [&hellip;]<\/p>\n","protected":false},"author":10,"featured_media":0,"comment_status":"open","ping_status":"open","sticky":false,"template":"","format":"standard","meta":{"om_disable_all_campaigns":false,"_monsterinsights_skip_tracking":false,"_monsterinsights_sitenote_active":false,"_monsterinsights_sitenote_note":"","_monsterinsights_sitenote_category":0,"footnotes":""},"categories":[1],"tags":[],"class_list":{"0":"post-2260","1":"post","2":"type-post","3":"status-publish","4":"format-standard","6":"category-nacionales"},"aioseo_notices":[],"_links":{"self":[{"href":"https:\/\/periodicolarepublica.com\/index.php\/wp-json\/wp\/v2\/posts\/2260","targetHints":{"allow":["GET"]}}],"collection":[{"href":"https:\/\/periodicolarepublica.com\/index.php\/wp-json\/wp\/v2\/posts"}],"about":[{"href":"https:\/\/periodicolarepublica.com\/index.php\/wp-json\/wp\/v2\/types\/post"}],"author":[{"embeddable":true,"href":"https:\/\/periodicolarepublica.com\/index.php\/wp-json\/wp\/v2\/users\/10"}],"replies":[{"embeddable":true,"href":"https:\/\/periodicolarepublica.com\/index.php\/wp-json\/wp\/v2\/comments?post=2260"}],"version-history":[{"count":2,"href":"https:\/\/periodicolarepublica.com\/index.php\/wp-json\/wp\/v2\/posts\/2260\/revisions"}],"predecessor-version":[{"id":2264,"href":"https:\/\/periodicolarepublica.com\/index.php\/wp-json\/wp\/v2\/posts\/2260\/revisions\/2264"}],"wp:attachment":[{"href":"https:\/\/periodicolarepublica.com\/index.php\/wp-json\/wp\/v2\/media?parent=2260"}],"wp:term":[{"taxonomy":"category","embeddable":true,"href":"https:\/\/periodicolarepublica.com\/index.php\/wp-json\/wp\/v2\/categories?post=2260"},{"taxonomy":"post_tag","embeddable":true,"href":"https:\/\/periodicolarepublica.com\/index.php\/wp-json\/wp\/v2\/tags?post=2260"}],"curies":[{"name":"wp","href":"https:\/\/api.w.org\/{rel}","templated":true}]}}