{"id":2270,"date":"2024-12-05T12:56:26","date_gmt":"2024-12-05T11:56:26","guid":{"rendered":"https:\/\/periodicolarepublica.com\/?p=2270"},"modified":"2024-12-05T12:56:26","modified_gmt":"2024-12-05T11:56:26","slug":"tomas-hernandez-alberto-invita-a-interpretar-las-declaraciones-del-presidente-del-prm-jose-ignacio-paliza","status":"publish","type":"post","link":"https:\/\/periodicolarepublica.com\/index.php\/2024\/12\/05\/tomas-hernandez-alberto-invita-a-interpretar-las-declaraciones-del-presidente-del-prm-jose-ignacio-paliza\/","title":{"rendered":"\u00abTom\u00e1s Hern\u00e1ndez Alberto invita a interpretar las declaraciones del presidente del PRM, Jos\u00e9 Ignacio Paliza\u00bb"},"content":{"rendered":"\r\n<p><img loading=\"lazy\" decoding=\"async\" class=\"size-medium wp-image-2275 alignright\" src=\"https:\/\/periodicolarepublica.com\/wp-content\/uploads\/2024\/12\/20241205_074205-300x173.jpg\" alt=\"\" width=\"300\" height=\"173\" srcset=\"https:\/\/periodicolarepublica.com\/wp-content\/uploads\/2024\/12\/20241205_074205-300x173.jpg?v=1733399760 300w, https:\/\/periodicolarepublica.com\/wp-content\/uploads\/2024\/12\/20241205_074205-150x86.jpg?v=1733399760 150w, https:\/\/periodicolarepublica.com\/wp-content\/uploads\/2024\/12\/20241205_074205-600x346.jpg?v=1733399760 600w, https:\/\/periodicolarepublica.com\/wp-content\/uploads\/2024\/12\/20241205_074205-696x401.jpg?v=1733399760 696w, https:\/\/periodicolarepublica.com\/wp-content\/uploads\/2024\/12\/20241205_074205.jpg?v=1733399760 720w\" sizes=\"auto, (max-width: 300px) 100vw, 300px\" \/>Santo Domingo \u2013 En una reciente participaci\u00f3n en el programa \u00abVozz Vespertina\u00bb, el ingeniero Tom\u00e1s Hern\u00e1ndez Alberto, presidente del Movimiento Poder P&#8217;AL Pueblo, enfatiz\u00f3 la importancia de centrar los esfuerzos en el apoyo al gobierno del presidente Luis Abinader, en lugar de discutir aspiraciones pol\u00edticas individuales.<br \/><br \/>Hern\u00e1ndez Alberto subray\u00f3 que, en este momento, el pa\u00eds necesita unidad y trabajo conjunto para que el presidente contin\u00fae su labor de gobierno, la cual considera que ha sido positiva en su primer mandato. \u201cSi su primer periodo fue bueno, este debe ser a\u00fan mejor\u201d, afirm\u00f3 el l\u00edder del movimiento.<br \/><br \/>El ingeniero tambi\u00e9n expres\u00f3 su acuerdo con Jos\u00e9 Ignacio Paliza, presidente del Partido Revolucionario Moderno (PRM), sobre la necesidad de evitar las aspiraciones desmedidas que han causado conflictos en el pasado, especialmente recordando la historia del Partido Revolucionario Dominicano (PRD).<br \/><br \/>\u201cDebemos aprender de los errores del pasado. Las aspiraciones incontrolables han generado divisiones que no podemos permitirnos\u201d, indic\u00f3 Hern\u00e1ndez Alberto, haciendo un llamado a la reflexi\u00f3n sobre la cohesi\u00f3n dentro de la organizaci\u00f3n.<br \/><br \/>Hern\u00e1ndez Alberto destac\u00f3 que lo planteado por Jos\u00e9 Ignacio paliza, presidente del PRM, no niega los derechos de sus miembros, sino que establece un marco de respeto y compromiso con los lineamientos organizacionales. \u201cAl ingresar a una organizaci\u00f3n, uno acepta sus normas y directrices\u201d, afirm\u00f3.<br \/><br \/>El l\u00edder del Movimiento Poder P&#8217;AL Pueblo reiter\u00f3 que la clave para el \u00e9xito del gobierno radica en la colaboraci\u00f3n y en mantener un enfoque en las necesidades del pueblo dominicano. \u201cNo se trata de ambiciones personales, sino de trabajar por un futuro mejor para todos\u201d, afirm\u00f3.<br \/><br \/>Durante su intervenci\u00f3n, tambi\u00e9n hizo un llamado a los miembros del PRM y aliados a enfocarse en las acciones que beneficien a la ciudadan\u00eda y a evitar distracciones que puedan desviar la atenci\u00f3n de los verdaderos problemas que enfrenta el pa\u00eds.<br \/><br \/>\u201cEs fundamental que todos los sectores pol\u00edticos se unan en pro del desarrollo nacional y que apoyen las pol\u00edticas que han demostrado ser efectivas\u201d, concluy\u00f3 Hern\u00e1ndez Alberto.<br \/><br \/>El Movimiento Poder P&#8217;AL Pueblo contin\u00faa comprometido con el fortalecimiento de la democracia y el bienestar social, promoviendo un di\u00e1logo constructivo y la participaci\u00f3n activa de todos sus integrantes en la construcci\u00f3n de un pa\u00eds mejor.<\/p>\r\n","protected":false},"excerpt":{"rendered":"<p>Santo Domingo \u2013 En una reciente participaci\u00f3n en el programa \u00abVozz Vespertina\u00bb, el ingeniero Tom\u00e1s Hern\u00e1ndez Alberto, presidente del Movimiento Poder P&#8217;AL Pueblo, enfatiz\u00f3 la importancia de centrar los esfuerzos en el apoyo al gobierno del presidente Luis Abinader, en lugar de discutir aspiraciones pol\u00edticas individuales. Hern\u00e1ndez Alberto subray\u00f3 que, en este momento, el pa\u00eds [&hellip;]<\/p>\n","protected":false},"author":10,"featured_media":2275,"comment_status":"open","ping_status":"open","sticky":false,"template":"","format":"standard","meta":{"om_disable_all_campaigns":false,"_monsterinsights_skip_tracking":false,"_monsterinsights_sitenote_active":false,"_monsterinsights_sitenote_note":"","_monsterinsights_sitenote_category":0,"footnotes":""},"categories":[1],"tags":[163],"class_list":{"0":"post-2270","1":"post","2":"type-post","3":"status-publish","4":"format-standard","5":"has-post-thumbnail","7":"category-nacionales","8":"tag-tomas-hernandez-alberto"},"aioseo_notices":[],"_links":{"self":[{"href":"https:\/\/periodicolarepublica.com\/index.php\/wp-json\/wp\/v2\/posts\/2270","targetHints":{"allow":["GET"]}}],"collection":[{"href":"https:\/\/periodicolarepublica.com\/index.php\/wp-json\/wp\/v2\/posts"}],"about":[{"href":"https:\/\/periodicolarepublica.com\/index.php\/wp-json\/wp\/v2\/types\/post"}],"author":[{"embeddable":true,"href":"https:\/\/periodicolarepublica.com\/index.php\/wp-json\/wp\/v2\/users\/10"}],"replies":[{"embeddable":true,"href":"https:\/\/periodicolarepublica.com\/index.php\/wp-json\/wp\/v2\/comments?post=2270"}],"version-history":[{"count":2,"href":"https:\/\/periodicolarepublica.com\/index.php\/wp-json\/wp\/v2\/posts\/2270\/revisions"}],"predecessor-version":[{"id":2276,"href":"https:\/\/periodicolarepublica.com\/index.php\/wp-json\/wp\/v2\/posts\/2270\/revisions\/2276"}],"wp:featuredmedia":[{"embeddable":true,"href":"https:\/\/periodicolarepublica.com\/index.php\/wp-json\/wp\/v2\/media\/2275"}],"wp:attachment":[{"href":"https:\/\/periodicolarepublica.com\/index.php\/wp-json\/wp\/v2\/media?parent=2270"}],"wp:term":[{"taxonomy":"category","embeddable":true,"href":"https:\/\/periodicolarepublica.com\/index.php\/wp-json\/wp\/v2\/categories?post=2270"},{"taxonomy":"post_tag","embeddable":true,"href":"https:\/\/periodicolarepublica.com\/index.php\/wp-json\/wp\/v2\/tags?post=2270"}],"curies":[{"name":"wp","href":"https:\/\/api.w.org\/{rel}","templated":true}]}}