{"id":2278,"date":"2024-12-05T21:05:29","date_gmt":"2024-12-05T20:05:29","guid":{"rendered":"https:\/\/periodicolarepublica.com\/?p=2278"},"modified":"2024-12-05T21:05:29","modified_gmt":"2024-12-05T20:05:29","slug":"ministerio-de-salud-indica-se-mantiene-controlado-el-dengue-y-otras-enfermedades","status":"publish","type":"post","link":"https:\/\/periodicolarepublica.com\/index.php\/2024\/12\/05\/ministerio-de-salud-indica-se-mantiene-controlado-el-dengue-y-otras-enfermedades\/","title":{"rendered":"Ministerio de Salud indica se mantiene controlado el dengue y otras enfermedades"},"content":{"rendered":"\r\n<p><img loading=\"lazy\" decoding=\"async\" class=\"size-medium wp-image-1580 alignright\" src=\"https:\/\/periodicolarepublica.com\/wp-content\/uploads\/2024\/08\/IMG-20240828-WA0019-300x200.jpg\" alt=\"\" width=\"300\" height=\"200\" srcset=\"https:\/\/periodicolarepublica.com\/wp-content\/uploads\/2024\/08\/IMG-20240828-WA0019-300x200.jpg?v=1724860798 300w, https:\/\/periodicolarepublica.com\/wp-content\/uploads\/2024\/08\/IMG-20240828-WA0019-1024x682.jpg?v=1724860798 1024w, https:\/\/periodicolarepublica.com\/wp-content\/uploads\/2024\/08\/IMG-20240828-WA0019-768x512.jpg?v=1724860798 768w, https:\/\/periodicolarepublica.com\/wp-content\/uploads\/2024\/08\/IMG-20240828-WA0019-1536x1023.jpg?v=1724860798 1536w, https:\/\/periodicolarepublica.com\/wp-content\/uploads\/2024\/08\/IMG-20240828-WA0019-150x100.jpg?v=1724860798 150w, https:\/\/periodicolarepublica.com\/wp-content\/uploads\/2024\/08\/IMG-20240828-WA0019-600x400.jpg?v=1724860798 600w, https:\/\/periodicolarepublica.com\/wp-content\/uploads\/2024\/08\/IMG-20240828-WA0019-696x464.jpg?v=1724860798 696w, https:\/\/periodicolarepublica.com\/wp-content\/uploads\/2024\/08\/IMG-20240828-WA0019-1392x927.jpg?v=1724860798 1392w, https:\/\/periodicolarepublica.com\/wp-content\/uploads\/2024\/08\/IMG-20240828-WA0019-1068x712.jpg?v=1724860798 1068w, https:\/\/periodicolarepublica.com\/wp-content\/uploads\/2024\/08\/IMG-20240828-WA0019.jpg?v=1724860798 1600w\" sizes=\"auto, (max-width: 300px) 100vw, 300px\" \/>Infecciones Asociadas a la Atenci\u00f3n sanitaria tambi\u00e9n se mantienen bajo control<br \/><br \/>*Santo Domingo*.- El Ministerio de Salud, inform\u00f3 este jueves en el Bolet\u00edn Epidemiol\u00f3gico correspondiente a la Semana Epidemiol\u00f3gica n\u00famero SE-47, que la incidencia acumulada del dengue en el pa\u00eds contin\u00faa en baja, con un 13.04 por cada 100,000 habitantes, notific\u00e1ndose solo un caso probable.<br \/><br \/>Sobre los casos de leptospirosis, el Ministerio de Salud muestra que hubo cero confirmados, con un total acumulado de 35 casos probables y una incidencia de 0.36 por cada 100,000 habitantes.<br \/><br \/>La notificaci\u00f3n de malaria tambi\u00e9n contin\u00faa en descenso con una incidencia de 10.16, se notifican 4 nuevos casos confirmados, para un total de 980 hasta la presente SE-47. Asimismo, se notifica un nuevo caso de COVID-19, colocando el total del a\u00f1o en 6,925 y una incidencia de 71.79.<br \/><br \/>*Muertes maternas e infantiles*<br \/>Sobre las muertes maternas, el bolet\u00edn que emite la Direcci\u00f3n de Epidemiolog\u00eda se\u00f1ala que a la SE-47 fueron reportadas dos muertes maternas (MM), correspondientes a nacionales haitianas. El acumulado de MM es de 153 defunciones maternas al a\u00f1o 2024. En comparaci\u00f3n al pasado a\u00f1o 2023 a esta fecha se hab\u00edan reportado 185 defunciones, indican reducci\u00f3n en este indicador.<br \/><br \/>De muertes infantiles se registran 35 nuevos casos con un total de 1,933 en lo va de a\u00f1o. El pasado a\u00f1o a la fecha se hab\u00edan reportado 2,773 defunciones infantiles, lo que refleja reducci\u00f3n en estos casos de muertes.<br \/><br \/>*Infecciones Asociadas a la Atenci\u00f3n Sanitaria (IAAS)*<br \/>Mediante una nota de prensa, el ministerio inform\u00f3 que por medio a la vigilancia epidemiol\u00f3gica se ofrece el seguimiento a la incidencia de las Infecciones Asociadas a la Atenci\u00f3n de la Salud (IAA), situaci\u00f3n que se mantiene bajo control en el pa\u00eds.<br \/>Desde el mes de enero y hasta el mes de octubre del presente a\u00f1o las IAAS, han presentado una situaci\u00f3n variable pero bajo control.<br \/><br \/>La informaci\u00f3n fue ofrecida por medio del Bolet\u00edn Epidemiol\u00f3gico que indica actualmente la incidencia acumulada de este 2024, al mes de octubre de la Infecciones asociadas a torrente sangu\u00edneo (ITS), es 5.85 \/1000 d\u00edas cat\u00e9ter, en lo concerniente a la neumon\u00eda asociada a ventilaci\u00f3n mec\u00e1nica (NVM), es de 6.58 \/ 1000 d\u00edas ventilador, mientras que la infecci\u00f3n urinaria asociada a cat\u00e9ter urinario (ITU), son 2.12 \/1000 d\u00edas cat\u00e9ter, y las infecciones de sitio quir\u00fargico (ISQ) 0.49 %. La unidad de cuidados intensivos donde se presenta una mayor cantidad de IAAS es la Unidad de Cuidados Intensivos (UCI) mixta.<br \/><br \/>En la Rep\u00fablica Dominicana las infecciones asociadas a la atenci\u00f3n de la salud (IAAS) son un evento de notificaci\u00f3n obligatoria individual e inmediata, monitoreadas por el Programa Nacional para el Control de las Infecciones Asociadas a la Atenci\u00f3n en Salud (PNCIAAS), que desarrolla la Direcci\u00f3n de Monitoreo y Evaluaci\u00f3n de la Calidad de los Servicios y Establecimientos de Salud del Viceministerio de garant\u00eda de la Calidad del Ministerio de<br \/>Salud P\u00fablica.<br \/><br \/>Este programa de Control de las IAAS cuenta con alcance nacional y su \u00e1mbito de aplicaci\u00f3n son los establecimientos y servicios de Salud, con el prop\u00f3sito de prevenir estas infecciones y el fortalecimiento de la pol\u00edtica nacional de calidad.<br \/><br \/>En la presente semana epidemiol\u00f3gica 47, no se han reportado casos de infecci\u00f3n asociada a la Atenci\u00f3n en Salud al Sistema de Vigilancia Epidemiol\u00f3gica SINAVE. El acumulado hasta la fecha es de 4 casos, representando una reducci\u00f3n significativa del 94.59% en comparaci\u00f3n con el mismo per\u00edodo del a\u00f1o 2023.<br \/><br \/>El Ministerio de Salud considera de gran importancia la infecci\u00f3n asociada a la atenci\u00f3n en salud, ya que estas infecciones pueden complicar el proceso de recuperaci\u00f3n de los pacientes, prolongar estancias hospitalarias y aumentar la mortalidad. Adem\u00e1s, su control adecuado es fundamental para garantizar la seguridad del paciente, mejorar la calidad de la atenci\u00f3n y optimizar el uso de los recursos en el sistema de salud.<\/p>\r\n","protected":false},"excerpt":{"rendered":"<p>Infecciones Asociadas a la Atenci\u00f3n sanitaria tambi\u00e9n se mantienen bajo control *Santo Domingo*.- El Ministerio de Salud, inform\u00f3 este jueves en el Bolet\u00edn Epidemiol\u00f3gico correspondiente a la Semana Epidemiol\u00f3gica n\u00famero SE-47, que la incidencia acumulada del dengue en el pa\u00eds contin\u00faa en baja, con un 13.04 por cada 100,000 habitantes, notific\u00e1ndose solo un caso probable. [&hellip;]<\/p>\n","protected":false},"author":10,"featured_media":1580,"comment_status":"open","ping_status":"open","sticky":false,"template":"","format":"standard","meta":{"om_disable_all_campaigns":false,"_monsterinsights_skip_tracking":false,"_monsterinsights_sitenote_active":false,"_monsterinsights_sitenote_note":"","_monsterinsights_sitenote_category":0,"footnotes":""},"categories":[1],"tags":[159],"class_list":{"0":"post-2278","1":"post","2":"type-post","3":"status-publish","4":"format-standard","5":"has-post-thumbnail","7":"category-nacionales","8":"tag-ministro-de-salud-publica-victor-atallah"},"aioseo_notices":[],"_links":{"self":[{"href":"https:\/\/periodicolarepublica.com\/index.php\/wp-json\/wp\/v2\/posts\/2278","targetHints":{"allow":["GET"]}}],"collection":[{"href":"https:\/\/periodicolarepublica.com\/index.php\/wp-json\/wp\/v2\/posts"}],"about":[{"href":"https:\/\/periodicolarepublica.com\/index.php\/wp-json\/wp\/v2\/types\/post"}],"author":[{"embeddable":true,"href":"https:\/\/periodicolarepublica.com\/index.php\/wp-json\/wp\/v2\/users\/10"}],"replies":[{"embeddable":true,"href":"https:\/\/periodicolarepublica.com\/index.php\/wp-json\/wp\/v2\/comments?post=2278"}],"version-history":[{"count":2,"href":"https:\/\/periodicolarepublica.com\/index.php\/wp-json\/wp\/v2\/posts\/2278\/revisions"}],"predecessor-version":[{"id":2300,"href":"https:\/\/periodicolarepublica.com\/index.php\/wp-json\/wp\/v2\/posts\/2278\/revisions\/2300"}],"wp:featuredmedia":[{"embeddable":true,"href":"https:\/\/periodicolarepublica.com\/index.php\/wp-json\/wp\/v2\/media\/1580"}],"wp:attachment":[{"href":"https:\/\/periodicolarepublica.com\/index.php\/wp-json\/wp\/v2\/media?parent=2278"}],"wp:term":[{"taxonomy":"category","embeddable":true,"href":"https:\/\/periodicolarepublica.com\/index.php\/wp-json\/wp\/v2\/categories?post=2278"},{"taxonomy":"post_tag","embeddable":true,"href":"https:\/\/periodicolarepublica.com\/index.php\/wp-json\/wp\/v2\/tags?post=2278"}],"curies":[{"name":"wp","href":"https:\/\/api.w.org\/{rel}","templated":true}]}}