{"id":2281,"date":"2024-12-05T15:58:55","date_gmt":"2024-12-05T14:58:55","guid":{"rendered":"https:\/\/periodicolarepublica.com\/?p=2281"},"modified":"2024-12-05T15:58:55","modified_gmt":"2024-12-05T14:58:55","slug":"badir-regresa-como-contraparte-de-ana-gabriel","status":"publish","type":"post","link":"https:\/\/periodicolarepublica.com\/index.php\/2024\/12\/05\/badir-regresa-como-contraparte-de-ana-gabriel\/","title":{"rendered":"Badir regresa como contraparte de Ana Gabriel"},"content":{"rendered":"<p>El cantautor Badir se prepara para cerrar por todo lo alto un gran a\u00f1o en su carrera. Luego del \u00e9xito logrado en el show \u201cDe t\u00fa a t\u00fa\u201d en el bar Juan Lockward del Teatro Nacional, el dominicano ser\u00e1 el encargado de preparar con su m\u00fasica el escenario para recibir a Ana Gabriel en el Estadio Ol\u00edmpico este viernes 6 de diciembre.<\/p>\n<p>&nbsp;<\/p>\n<p>\u201cEs un honor para m\u00ed representar mi pa\u00eds y compartir por tercera vez el escenario con La Luna de Am\u00e9rica, es un reto inmenso estar frente al p\u00fablico en el escenario m\u00e1s grande que tenemos en el pa\u00eds, desde ya agradezco mucho el cari\u00f1o y abrazo de la gente\u201d, coment\u00f3 el artista.<\/p>\n<p>&nbsp;<\/p>\n<p>Cabe destacar que, en sus pasados conciertos en la Rep\u00fablica Dominicana en el 2023, Badir tuvo dos participaciones importantes donde se demostr\u00f3 la acogida del p\u00fablico a su carrera, se escuch\u00f3 el Palacio de los Deportes corear canciones de la autor\u00eda el artista por dos noches consecutivas.<\/p>\n<p><img loading=\"lazy\" decoding=\"async\" class=\"alignnone size-medium wp-image-2282\" src=\"https:\/\/periodicolarepublica.com\/wp-content\/uploads\/2024\/12\/Badir-300x138.jpeg\" alt=\"\" width=\"300\" height=\"138\" \/><\/p>\n","protected":false},"excerpt":{"rendered":"<p>El cantautor Badir se prepara para cerrar por todo lo alto un gran a\u00f1o en su carrera. Luego del \u00e9xito logrado en el show \u201cDe t\u00fa a t\u00fa\u201d en el bar Juan Lockward del Teatro Nacional, el dominicano ser\u00e1 el encargado de preparar con su m\u00fasica el escenario para recibir a Ana Gabriel en el [&hellip;]<\/p>\n","protected":false},"author":6,"featured_media":0,"comment_status":"open","ping_status":"open","sticky":false,"template":"","format":"standard","meta":{"om_disable_all_campaigns":false,"_monsterinsights_skip_tracking":false,"_monsterinsights_sitenote_active":false,"_monsterinsights_sitenote_note":"","_monsterinsights_sitenote_category":0,"footnotes":""},"categories":[1,165],"tags":[],"class_list":{"0":"post-2281","1":"post","2":"type-post","3":"status-publish","4":"format-standard","6":"category-nacionales","7":"category-sociales"},"aioseo_notices":[],"_links":{"self":[{"href":"https:\/\/periodicolarepublica.com\/index.php\/wp-json\/wp\/v2\/posts\/2281","targetHints":{"allow":["GET"]}}],"collection":[{"href":"https:\/\/periodicolarepublica.com\/index.php\/wp-json\/wp\/v2\/posts"}],"about":[{"href":"https:\/\/periodicolarepublica.com\/index.php\/wp-json\/wp\/v2\/types\/post"}],"author":[{"embeddable":true,"href":"https:\/\/periodicolarepublica.com\/index.php\/wp-json\/wp\/v2\/users\/6"}],"replies":[{"embeddable":true,"href":"https:\/\/periodicolarepublica.com\/index.php\/wp-json\/wp\/v2\/comments?post=2281"}],"version-history":[{"count":1,"href":"https:\/\/periodicolarepublica.com\/index.php\/wp-json\/wp\/v2\/posts\/2281\/revisions"}],"predecessor-version":[{"id":2283,"href":"https:\/\/periodicolarepublica.com\/index.php\/wp-json\/wp\/v2\/posts\/2281\/revisions\/2283"}],"wp:attachment":[{"href":"https:\/\/periodicolarepublica.com\/index.php\/wp-json\/wp\/v2\/media?parent=2281"}],"wp:term":[{"taxonomy":"category","embeddable":true,"href":"https:\/\/periodicolarepublica.com\/index.php\/wp-json\/wp\/v2\/categories?post=2281"},{"taxonomy":"post_tag","embeddable":true,"href":"https:\/\/periodicolarepublica.com\/index.php\/wp-json\/wp\/v2\/tags?post=2281"}],"curies":[{"name":"wp","href":"https:\/\/api.w.org\/{rel}","templated":true}]}}