{"id":2284,"date":"2024-12-05T16:01:07","date_gmt":"2024-12-05T15:01:07","guid":{"rendered":"https:\/\/periodicolarepublica.com\/?p=2284"},"modified":"2024-12-05T16:02:11","modified_gmt":"2024-12-05T15:02:11","slug":"boeing-y-arajet-entrenan-personal-tecnico-dominicano","status":"publish","type":"post","link":"https:\/\/periodicolarepublica.com\/index.php\/2024\/12\/05\/boeing-y-arajet-entrenan-personal-tecnico-dominicano\/","title":{"rendered":"Boeing y Arajet entrenan personal t\u00e9cnico dominicano"},"content":{"rendered":"<p><img loading=\"lazy\" decoding=\"async\" class=\"alignnone size-medium wp-image-2109\" src=\"https:\/\/periodicolarepublica.com\/wp-content\/uploads\/2024\/11\/Boeing_737_Max_-_HI1101_-_Arajet-300x200.jpg\" alt=\"\" width=\"300\" height=\"200\" srcset=\"https:\/\/periodicolarepublica.com\/wp-content\/uploads\/2024\/11\/Boeing_737_Max_-_HI1101_-_Arajet-300x200.jpg?v=1731517413 300w, https:\/\/periodicolarepublica.com\/wp-content\/uploads\/2024\/11\/Boeing_737_Max_-_HI1101_-_Arajet-1024x683.jpg?v=1731517413 1024w, https:\/\/periodicolarepublica.com\/wp-content\/uploads\/2024\/11\/Boeing_737_Max_-_HI1101_-_Arajet-768x512.jpg?v=1731517413 768w, https:\/\/periodicolarepublica.com\/wp-content\/uploads\/2024\/11\/Boeing_737_Max_-_HI1101_-_Arajet-150x100.jpg?v=1731517413 150w, https:\/\/periodicolarepublica.com\/wp-content\/uploads\/2024\/11\/Boeing_737_Max_-_HI1101_-_Arajet-600x400.jpg?v=1731517413 600w, https:\/\/periodicolarepublica.com\/wp-content\/uploads\/2024\/11\/Boeing_737_Max_-_HI1101_-_Arajet-696x464.jpg?v=1731517413 696w, https:\/\/periodicolarepublica.com\/wp-content\/uploads\/2024\/11\/Boeing_737_Max_-_HI1101_-_Arajet-1068x712.jpg?v=1731517413 1068w, https:\/\/periodicolarepublica.com\/wp-content\/uploads\/2024\/11\/Boeing_737_Max_-_HI1101_-_Arajet.jpg?v=1731517413 1200w\" sizes=\"auto, (max-width: 300px) 100vw, 300px\" \/>La primera capacitaci\u00f3n de nuevos programas de formaci\u00f3n de t\u00e9cnicos e ingenieros de mantenimiento.<\/p>\n<p>Santo Domingo. &#8211; Arajet, la l\u00ednea a\u00e9rea dominicana, en colaboraci\u00f3n con el fabricante de aeronaves Boeing, impartieron el curso sobre Mantenimiento de l\u00ednea, ingenier\u00eda y calidad, como parte de una serie de programas formativos para j\u00f3venes t\u00e9cnicos e ingenieros aeron\u00e1uticos.<\/p>\n<p>Esta capacitaci\u00f3n sobre aeronaves Boeing 737 MAX, es la primera de una cadena de programas formativos que combina teor\u00eda y pr\u00e1ctica, en el que participaron 24 j\u00f3venes del \u00e1rea de mantenimiento e ingenier\u00eda, de los cuales 18 nacionales y 6 extranjeros; con el objetivo de brindarles herramientas y habilidades para su crecimiento profesional y el mejor desempe\u00f1o de sus funciones.<\/p>\n<p>La aerol\u00ednea inform\u00f3 que este es el segundo entrenamiento impartido por instructores de Boeing en las instalaciones de Arajet en Santo Domingo, sobre Mantenimiento de l\u00ednea, ingenier\u00eda y calidad del modelo de aviones Boeing 737 Max, que componen la flotilla de 10 aeronaves que posee Arajet sobrevolando los cielos de la regi\u00f3n.<\/p>\n","protected":false},"excerpt":{"rendered":"<p>La primera capacitaci\u00f3n de nuevos programas de formaci\u00f3n de t\u00e9cnicos e ingenieros de mantenimiento. Santo Domingo. &#8211; Arajet, la l\u00ednea a\u00e9rea dominicana, en colaboraci\u00f3n con el fabricante de aeronaves Boeing, impartieron el curso sobre Mantenimiento de l\u00ednea, ingenier\u00eda y calidad, como parte de una serie de programas formativos para j\u00f3venes t\u00e9cnicos e ingenieros aeron\u00e1uticos. Esta [&hellip;]<\/p>\n","protected":false},"author":6,"featured_media":2109,"comment_status":"open","ping_status":"open","sticky":false,"template":"","format":"standard","meta":{"om_disable_all_campaigns":false,"_monsterinsights_skip_tracking":false,"_monsterinsights_sitenote_active":false,"_monsterinsights_sitenote_note":"","_monsterinsights_sitenote_category":0,"footnotes":""},"categories":[1],"tags":[288],"class_list":{"0":"post-2284","1":"post","2":"type-post","3":"status-publish","4":"format-standard","5":"has-post-thumbnail","7":"category-nacionales","8":"tag-arajet-com"},"aioseo_notices":[],"_links":{"self":[{"href":"https:\/\/periodicolarepublica.com\/index.php\/wp-json\/wp\/v2\/posts\/2284","targetHints":{"allow":["GET"]}}],"collection":[{"href":"https:\/\/periodicolarepublica.com\/index.php\/wp-json\/wp\/v2\/posts"}],"about":[{"href":"https:\/\/periodicolarepublica.com\/index.php\/wp-json\/wp\/v2\/types\/post"}],"author":[{"embeddable":true,"href":"https:\/\/periodicolarepublica.com\/index.php\/wp-json\/wp\/v2\/users\/6"}],"replies":[{"embeddable":true,"href":"https:\/\/periodicolarepublica.com\/index.php\/wp-json\/wp\/v2\/comments?post=2284"}],"version-history":[{"count":3,"href":"https:\/\/periodicolarepublica.com\/index.php\/wp-json\/wp\/v2\/posts\/2284\/revisions"}],"predecessor-version":[{"id":2287,"href":"https:\/\/periodicolarepublica.com\/index.php\/wp-json\/wp\/v2\/posts\/2284\/revisions\/2287"}],"wp:featuredmedia":[{"embeddable":true,"href":"https:\/\/periodicolarepublica.com\/index.php\/wp-json\/wp\/v2\/media\/2109"}],"wp:attachment":[{"href":"https:\/\/periodicolarepublica.com\/index.php\/wp-json\/wp\/v2\/media?parent=2284"}],"wp:term":[{"taxonomy":"category","embeddable":true,"href":"https:\/\/periodicolarepublica.com\/index.php\/wp-json\/wp\/v2\/categories?post=2284"},{"taxonomy":"post_tag","embeddable":true,"href":"https:\/\/periodicolarepublica.com\/index.php\/wp-json\/wp\/v2\/tags?post=2284"}],"curies":[{"name":"wp","href":"https:\/\/api.w.org\/{rel}","templated":true}]}}