{"id":2288,"date":"2024-12-05T16:24:03","date_gmt":"2024-12-05T15:24:03","guid":{"rendered":"https:\/\/periodicolarepublica.com\/?p=2288"},"modified":"2024-12-05T16:24:03","modified_gmt":"2024-12-05T15:24:03","slug":"banco-popular-presenta-libro-institucional-para-celebrar-su-60-aniversario","status":"publish","type":"post","link":"https:\/\/periodicolarepublica.com\/index.php\/2024\/12\/05\/banco-popular-presenta-libro-institucional-para-celebrar-su-60-aniversario\/","title":{"rendered":"Banco Popular presenta libro institucional para celebrar su 60\u00b0 aniversario"},"content":{"rendered":"<p>&nbsp;<\/p>\n<p>El libro, con pr\u00f3logo de Andy Dauhajre, se acompa\u00f1a de una web y un audiovisual<\/p>\n<p>Santo Domingo, D.N. \u2013 El Banco Popular Dominicano puso en circulaci\u00f3n su m\u00e1s reciente libro institucional titulado El poder de una idea. 60 a\u00f1os del Banco Popular Dominicano, una obra que narra momentos ic\u00f3nicos de la historia de la instituci\u00f3n y c\u00f3mo se ha consolidado como un referente en el sistema financiero, acelerando en sus \u00faltimas d\u00e9cadas su distintivo sello basado en la innovaci\u00f3n y la sostenibilidad.<\/p>\n<p>A trav\u00e9s de testimonios, an\u00e9cdotas y relatos de 40 personas, entre consejeros, ejecutivos, colaboradores, clientes y aliados de la organizaci\u00f3n financiera, el libro relata en seis cap\u00edtulos los hitos m\u00e1s relevantes del Banco Popular y las iniciativas que han contribuido a su crecimiento durante seis d\u00e9cadas.<img loading=\"lazy\" decoding=\"async\" class=\"alignnone size-medium wp-image-2289\" src=\"https:\/\/periodicolarepublica.com\/wp-content\/uploads\/2024\/12\/banner_l-300x124.jpg\" alt=\"\" width=\"300\" height=\"124\" srcset=\"https:\/\/periodicolarepublica.com\/wp-content\/uploads\/2024\/12\/banner_l-300x124.jpg?v=1733412229 300w, https:\/\/periodicolarepublica.com\/wp-content\/uploads\/2024\/12\/banner_l-1024x424.jpg?v=1733412229 1024w, https:\/\/periodicolarepublica.com\/wp-content\/uploads\/2024\/12\/banner_l-768x318.jpg?v=1733412229 768w, https:\/\/periodicolarepublica.com\/wp-content\/uploads\/2024\/12\/banner_l-150x62.jpg?v=1733412229 150w, https:\/\/periodicolarepublica.com\/wp-content\/uploads\/2024\/12\/banner_l-600x248.jpg?v=1733412229 600w, https:\/\/periodicolarepublica.com\/wp-content\/uploads\/2024\/12\/banner_l-696x288.jpg?v=1733412229 696w, https:\/\/periodicolarepublica.com\/wp-content\/uploads\/2024\/12\/banner_l-1392x576.jpg?v=1733412229 1392w, https:\/\/periodicolarepublica.com\/wp-content\/uploads\/2024\/12\/banner_l-1068x442.jpg?v=1733412229 1068w, https:\/\/periodicolarepublica.com\/wp-content\/uploads\/2024\/12\/banner_l.jpg?v=1733412229 1450w\" sizes=\"auto, (max-width: 300px) 100vw, 300px\" \/><\/p>\n","protected":false},"excerpt":{"rendered":"<p>&nbsp; El libro, con pr\u00f3logo de Andy Dauhajre, se acompa\u00f1a de una web y un audiovisual Santo Domingo, D.N. \u2013 El Banco Popular Dominicano puso en circulaci\u00f3n su m\u00e1s reciente libro institucional titulado El poder de una idea. 60 a\u00f1os del Banco Popular Dominicano, una obra que narra momentos ic\u00f3nicos de la historia de la [&hellip;]<\/p>\n","protected":false},"author":6,"featured_media":2289,"comment_status":"open","ping_status":"open","sticky":false,"template":"","format":"standard","meta":{"om_disable_all_campaigns":false,"_monsterinsights_skip_tracking":false,"_monsterinsights_sitenote_active":false,"_monsterinsights_sitenote_note":"","_monsterinsights_sitenote_category":0,"footnotes":""},"categories":[33,1],"tags":[76,119],"class_list":{"0":"post-2288","1":"post","2":"type-post","3":"status-publish","4":"format-standard","5":"has-post-thumbnail","7":"category-canal-financiero","8":"category-nacionales","9":"tag-banco-popular-dominicano","10":"tag-popularenlinea-com"},"aioseo_notices":[],"_links":{"self":[{"href":"https:\/\/periodicolarepublica.com\/index.php\/wp-json\/wp\/v2\/posts\/2288","targetHints":{"allow":["GET"]}}],"collection":[{"href":"https:\/\/periodicolarepublica.com\/index.php\/wp-json\/wp\/v2\/posts"}],"about":[{"href":"https:\/\/periodicolarepublica.com\/index.php\/wp-json\/wp\/v2\/types\/post"}],"author":[{"embeddable":true,"href":"https:\/\/periodicolarepublica.com\/index.php\/wp-json\/wp\/v2\/users\/6"}],"replies":[{"embeddable":true,"href":"https:\/\/periodicolarepublica.com\/index.php\/wp-json\/wp\/v2\/comments?post=2288"}],"version-history":[{"count":1,"href":"https:\/\/periodicolarepublica.com\/index.php\/wp-json\/wp\/v2\/posts\/2288\/revisions"}],"predecessor-version":[{"id":2290,"href":"https:\/\/periodicolarepublica.com\/index.php\/wp-json\/wp\/v2\/posts\/2288\/revisions\/2290"}],"wp:featuredmedia":[{"embeddable":true,"href":"https:\/\/periodicolarepublica.com\/index.php\/wp-json\/wp\/v2\/media\/2289"}],"wp:attachment":[{"href":"https:\/\/periodicolarepublica.com\/index.php\/wp-json\/wp\/v2\/media?parent=2288"}],"wp:term":[{"taxonomy":"category","embeddable":true,"href":"https:\/\/periodicolarepublica.com\/index.php\/wp-json\/wp\/v2\/categories?post=2288"},{"taxonomy":"post_tag","embeddable":true,"href":"https:\/\/periodicolarepublica.com\/index.php\/wp-json\/wp\/v2\/tags?post=2288"}],"curies":[{"name":"wp","href":"https:\/\/api.w.org\/{rel}","templated":true}]}}