{"id":2291,"date":"2024-12-05T16:29:11","date_gmt":"2024-12-05T15:29:11","guid":{"rendered":"https:\/\/periodicolarepublica.com\/?p=2291"},"modified":"2024-12-05T16:29:11","modified_gmt":"2024-12-05T15:29:11","slug":"jac-celebra-dia-internacional-de-la-aviacion-civil-resalta-papel-fundamental-del-transporte-aereo-en-el-desarrollo-pais","status":"publish","type":"post","link":"https:\/\/periodicolarepublica.com\/index.php\/2024\/12\/05\/jac-celebra-dia-internacional-de-la-aviacion-civil-resalta-papel-fundamental-del-transporte-aereo-en-el-desarrollo-pais\/","title":{"rendered":"JAC celebra D\u00eda Internacional de la Aviaci\u00f3n Civil, resalta papel fundamental del transporte a\u00e9reo en el desarrollo pa\u00eds"},"content":{"rendered":"<p>Santo Domingo. Con el objetivo de avanzar en una aviaci\u00f3n civil m\u00e1s global, innovadora y sostenible, el presidente de la Junta de Aviaci\u00f3n Civil (JAC), H\u00e9ctor Porcella, junto a otros representantes de ministerios, instituciones del sector aeron\u00e1utico, miembros del pleno, invitados especiales y representantes del sector, celebraron este lunes el D\u00eda de la Aviaci\u00f3n Civil Internacional, que se conmemora el 7 de diciembre, propuesto por la Organizaci\u00f3n de la Aviaci\u00f3n Civil Internacional (OACI).<\/p>\n<p>Porcella comparti\u00f3 con los asistente al evento, que las proyecciones del tr\u00e1fico a\u00e9reo indican que al cierre del a\u00f1o 2024 los aeropuertos internacionales dominicanos habr\u00e1n superado los 19 millones de pasajeros en entrada y salida, lo que representa un crecimiento de 30 % m\u00e1s que el 2019.<\/p>\n<p>&nbsp;<\/p>\n<p>Dijo que estos datos significan que al cierre de este a\u00f1o 2024 el flujo de pasajeros hacia y desde la Rep\u00fablica Dominicana, superar\u00e1 m\u00e1s del 7 % del a\u00f1o 2023, siendo este el mejor a\u00f1o en la historia de la aviaci\u00f3n civil dominicana. \u201cRep\u00fablica Dominicana tiene razones muy especiales para celebrar esta fecha tan significativa. El crecimiento exponencial que ha registrado la aviaci\u00f3n civil bajo el liderazgo del presidente Luis Abinader y la acci\u00f3n coordinada de las instituciones que conforman nuestro sector, han hecho posible que el pa\u00eds se haya consolidado como primera potencia aeron\u00e1utica del Caribe y principal destino tur\u00edstico de la regi\u00f3n\u201d, puntualiz\u00f3 Porcella al inicio del evento.<\/p>\n<p>Detall\u00f3 que la Junta de Aviaci\u00f3n Civil, a trav\u00e9s del pleno del organismo ha conocido y aprobado este a\u00f1o, 7 mil 614 operaciones bajo la modalidad de vuelo ch\u00e1rter y 6 mil 14 operaciones bajo la modalidad de Permiso Especial. Asimismo, dijo que alrededor de 8 mil solicitudes han sido trabajadas en respuesta a requerimientos de nuestros clientes.<\/p>\n<p><img loading=\"lazy\" decoding=\"async\" class=\"alignnone size-medium wp-image-2292 alignright\" src=\"https:\/\/periodicolarepublica.com\/wp-content\/uploads\/2024\/12\/Presidente-JAC-Hector-Porcella-300x200.jpg\" alt=\"\" width=\"300\" height=\"200\" srcset=\"https:\/\/periodicolarepublica.com\/wp-content\/uploads\/2024\/12\/Presidente-JAC-Hector-Porcella-300x200.jpg?v=1733412533 300w, https:\/\/periodicolarepublica.com\/wp-content\/uploads\/2024\/12\/Presidente-JAC-Hector-Porcella-1024x682.jpg?v=1733412533 1024w, https:\/\/periodicolarepublica.com\/wp-content\/uploads\/2024\/12\/Presidente-JAC-Hector-Porcella-768x512.jpg?v=1733412533 768w, https:\/\/periodicolarepublica.com\/wp-content\/uploads\/2024\/12\/Presidente-JAC-Hector-Porcella-1536x1024.jpg?v=1733412533 1536w, https:\/\/periodicolarepublica.com\/wp-content\/uploads\/2024\/12\/Presidente-JAC-Hector-Porcella-2048x1365.jpg?v=1733412533 2048w, https:\/\/periodicolarepublica.com\/wp-content\/uploads\/2024\/12\/Presidente-JAC-Hector-Porcella-150x100.jpg?v=1733412533 150w, https:\/\/periodicolarepublica.com\/wp-content\/uploads\/2024\/12\/Presidente-JAC-Hector-Porcella-600x400.jpg?v=1733412533 600w, https:\/\/periodicolarepublica.com\/wp-content\/uploads\/2024\/12\/Presidente-JAC-Hector-Porcella-696x464.jpg?v=1733412533 696w, https:\/\/periodicolarepublica.com\/wp-content\/uploads\/2024\/12\/Presidente-JAC-Hector-Porcella-1392x928.jpg?v=1733412533 1392w, https:\/\/periodicolarepublica.com\/wp-content\/uploads\/2024\/12\/Presidente-JAC-Hector-Porcella-1068x712.jpg?v=1733412533 1068w, https:\/\/periodicolarepublica.com\/wp-content\/uploads\/2024\/12\/Presidente-JAC-Hector-Porcella-1920x1280.jpg?v=1733412533 1920w\" sizes=\"auto, (max-width: 300px) 100vw, 300px\" \/><\/p>\n","protected":false},"excerpt":{"rendered":"<p>Santo Domingo. Con el objetivo de avanzar en una aviaci\u00f3n civil m\u00e1s global, innovadora y sostenible, el presidente de la Junta de Aviaci\u00f3n Civil (JAC), H\u00e9ctor Porcella, junto a otros representantes de ministerios, instituciones del sector aeron\u00e1utico, miembros del pleno, invitados especiales y representantes del sector, celebraron este lunes el D\u00eda de la Aviaci\u00f3n Civil [&hellip;]<\/p>\n","protected":false},"author":6,"featured_media":2292,"comment_status":"open","ping_status":"open","sticky":false,"template":"","format":"standard","meta":{"om_disable_all_campaigns":false,"_monsterinsights_skip_tracking":false,"_monsterinsights_sitenote_active":false,"_monsterinsights_sitenote_note":"","_monsterinsights_sitenote_category":0,"footnotes":""},"categories":[1],"tags":[],"class_list":{"0":"post-2291","1":"post","2":"type-post","3":"status-publish","4":"format-standard","5":"has-post-thumbnail","7":"category-nacionales"},"aioseo_notices":[],"_links":{"self":[{"href":"https:\/\/periodicolarepublica.com\/index.php\/wp-json\/wp\/v2\/posts\/2291","targetHints":{"allow":["GET"]}}],"collection":[{"href":"https:\/\/periodicolarepublica.com\/index.php\/wp-json\/wp\/v2\/posts"}],"about":[{"href":"https:\/\/periodicolarepublica.com\/index.php\/wp-json\/wp\/v2\/types\/post"}],"author":[{"embeddable":true,"href":"https:\/\/periodicolarepublica.com\/index.php\/wp-json\/wp\/v2\/users\/6"}],"replies":[{"embeddable":true,"href":"https:\/\/periodicolarepublica.com\/index.php\/wp-json\/wp\/v2\/comments?post=2291"}],"version-history":[{"count":1,"href":"https:\/\/periodicolarepublica.com\/index.php\/wp-json\/wp\/v2\/posts\/2291\/revisions"}],"predecessor-version":[{"id":2293,"href":"https:\/\/periodicolarepublica.com\/index.php\/wp-json\/wp\/v2\/posts\/2291\/revisions\/2293"}],"wp:featuredmedia":[{"embeddable":true,"href":"https:\/\/periodicolarepublica.com\/index.php\/wp-json\/wp\/v2\/media\/2292"}],"wp:attachment":[{"href":"https:\/\/periodicolarepublica.com\/index.php\/wp-json\/wp\/v2\/media?parent=2291"}],"wp:term":[{"taxonomy":"category","embeddable":true,"href":"https:\/\/periodicolarepublica.com\/index.php\/wp-json\/wp\/v2\/categories?post=2291"},{"taxonomy":"post_tag","embeddable":true,"href":"https:\/\/periodicolarepublica.com\/index.php\/wp-json\/wp\/v2\/tags?post=2291"}],"curies":[{"name":"wp","href":"https:\/\/api.w.org\/{rel}","templated":true}]}}