{"id":2294,"date":"2024-12-05T16:32:49","date_gmt":"2024-12-05T15:32:49","guid":{"rendered":"https:\/\/periodicolarepublica.com\/?p=2294"},"modified":"2024-12-05T16:32:49","modified_gmt":"2024-12-05T15:32:49","slug":"2294","status":"publish","type":"post","link":"https:\/\/periodicolarepublica.com\/index.php\/2024\/12\/05\/2294\/","title":{"rendered":""},"content":{"rendered":"<p>Miguel Ot\u00e1\u00f1ez es designado como director nacional de Asuntos P\u00fablicos de la Junior Chamber Internacional en RD<\/p>\n<p>&nbsp;<\/p>\n<p>&nbsp;<\/p>\n<p>Santo Domingo.- El profesor Miguel Ot\u00e1\u00f1ez fue designado como director nacional de Asuntos P\u00fablicos de la Junior Chamber International (JCI) para Rep\u00fablica Dominicana, en una ceremonia de juramentaci\u00f3n que reuni\u00f3 a destacados l\u00edderes juveniles y del \u00e1mbito empresarial del pa\u00eds.<\/p>\n<p>Miguel Ot\u00e1\u00f1ez, actualmente es presidente del Centro de An\u00e1lisis y Estudio de la Comunicaci\u00f3n (CAESCO) en Rep\u00fablica Dominicana, ha liderado importantes proyectos de capacitaci\u00f3n, inclusi\u00f3n social y comunicaci\u00f3n, impactando positivamente a diferentes sectores de la sociedad.<\/p>\n<p><img loading=\"lazy\" decoding=\"async\" class=\"alignnone size-medium wp-image-2296\" src=\"https:\/\/periodicolarepublica.com\/wp-content\/uploads\/2024\/12\/IMG_20241205_113129-300x197.jpg\" alt=\"\" width=\"300\" height=\"197\" srcset=\"https:\/\/periodicolarepublica.com\/wp-content\/uploads\/2024\/12\/IMG_20241205_113129-300x197.jpg?v=1733412743 300w, https:\/\/periodicolarepublica.com\/wp-content\/uploads\/2024\/12\/IMG_20241205_113129-1024x674.jpg?v=1733412743 1024w, https:\/\/periodicolarepublica.com\/wp-content\/uploads\/2024\/12\/IMG_20241205_113129-768x505.jpg?v=1733412743 768w, https:\/\/periodicolarepublica.com\/wp-content\/uploads\/2024\/12\/IMG_20241205_113129-1536x1011.jpg?v=1733412743 1536w, https:\/\/periodicolarepublica.com\/wp-content\/uploads\/2024\/12\/IMG_20241205_113129-2048x1347.jpg?v=1733412743 2048w, https:\/\/periodicolarepublica.com\/wp-content\/uploads\/2024\/12\/IMG_20241205_113129-150x99.jpg?v=1733412743 150w, https:\/\/periodicolarepublica.com\/wp-content\/uploads\/2024\/12\/IMG_20241205_113129-600x395.jpg?v=1733412743 600w, https:\/\/periodicolarepublica.com\/wp-content\/uploads\/2024\/12\/IMG_20241205_113129-696x458.jpg?v=1733412743 696w, https:\/\/periodicolarepublica.com\/wp-content\/uploads\/2024\/12\/IMG_20241205_113129-1392x916.jpg?v=1733412743 1392w, https:\/\/periodicolarepublica.com\/wp-content\/uploads\/2024\/12\/IMG_20241205_113129-1068x703.jpg?v=1733412743 1068w, https:\/\/periodicolarepublica.com\/wp-content\/uploads\/2024\/12\/IMG_20241205_113129-1920x1263.jpg?v=1733412743 1920w\" sizes=\"auto, (max-width: 300px) 100vw, 300px\" \/><\/p>\n","protected":false},"excerpt":{"rendered":"<p>Miguel Ot\u00e1\u00f1ez es designado como director nacional de Asuntos P\u00fablicos de la Junior Chamber Internacional en RD &nbsp; &nbsp; Santo Domingo.- El profesor Miguel Ot\u00e1\u00f1ez fue designado como director nacional de Asuntos P\u00fablicos de la Junior Chamber International (JCI) para Rep\u00fablica Dominicana, en una ceremonia de juramentaci\u00f3n que reuni\u00f3 a destacados l\u00edderes juveniles y del [&hellip;]<\/p>\n","protected":false},"author":6,"featured_media":2296,"comment_status":"open","ping_status":"open","sticky":false,"template":"","format":"standard","meta":{"om_disable_all_campaigns":false,"_monsterinsights_skip_tracking":false,"_monsterinsights_sitenote_active":false,"_monsterinsights_sitenote_note":"","_monsterinsights_sitenote_category":0,"footnotes":""},"categories":[1],"tags":[],"class_list":{"0":"post-2294","1":"post","2":"type-post","3":"status-publish","4":"format-standard","5":"has-post-thumbnail","7":"category-nacionales"},"aioseo_notices":[],"_links":{"self":[{"href":"https:\/\/periodicolarepublica.com\/index.php\/wp-json\/wp\/v2\/posts\/2294","targetHints":{"allow":["GET"]}}],"collection":[{"href":"https:\/\/periodicolarepublica.com\/index.php\/wp-json\/wp\/v2\/posts"}],"about":[{"href":"https:\/\/periodicolarepublica.com\/index.php\/wp-json\/wp\/v2\/types\/post"}],"author":[{"embeddable":true,"href":"https:\/\/periodicolarepublica.com\/index.php\/wp-json\/wp\/v2\/users\/6"}],"replies":[{"embeddable":true,"href":"https:\/\/periodicolarepublica.com\/index.php\/wp-json\/wp\/v2\/comments?post=2294"}],"version-history":[{"count":1,"href":"https:\/\/periodicolarepublica.com\/index.php\/wp-json\/wp\/v2\/posts\/2294\/revisions"}],"predecessor-version":[{"id":2297,"href":"https:\/\/periodicolarepublica.com\/index.php\/wp-json\/wp\/v2\/posts\/2294\/revisions\/2297"}],"wp:featuredmedia":[{"embeddable":true,"href":"https:\/\/periodicolarepublica.com\/index.php\/wp-json\/wp\/v2\/media\/2296"}],"wp:attachment":[{"href":"https:\/\/periodicolarepublica.com\/index.php\/wp-json\/wp\/v2\/media?parent=2294"}],"wp:term":[{"taxonomy":"category","embeddable":true,"href":"https:\/\/periodicolarepublica.com\/index.php\/wp-json\/wp\/v2\/categories?post=2294"},{"taxonomy":"post_tag","embeddable":true,"href":"https:\/\/periodicolarepublica.com\/index.php\/wp-json\/wp\/v2\/tags?post=2294"}],"curies":[{"name":"wp","href":"https:\/\/api.w.org\/{rel}","templated":true}]}}