{"id":2299,"date":"2024-12-06T12:28:54","date_gmt":"2024-12-06T11:28:54","guid":{"rendered":"https:\/\/periodicolarepublica.com\/?p=2299"},"modified":"2024-12-06T12:28:54","modified_gmt":"2024-12-06T11:28:54","slug":"camino-a-un-ano-de-gestion-del-ministro-dr-victor-atallah-en-salud-publica","status":"publish","type":"post","link":"https:\/\/periodicolarepublica.com\/index.php\/2024\/12\/06\/camino-a-un-ano-de-gestion-del-ministro-dr-victor-atallah-en-salud-publica\/","title":{"rendered":"Camino a un A\u00f1o de Gesti\u00f3n: del Ministro Dr. V\u00edctor Atallah en Salud P\u00fablica"},"content":{"rendered":"\r\n<p><br \/><img loading=\"lazy\" decoding=\"async\" class=\"size-medium wp-image-2303 alignright\" src=\"https:\/\/periodicolarepublica.com\/wp-content\/uploads\/2024\/12\/IMG-20241015-WA0082-300x200.jpg\" alt=\"\" width=\"300\" height=\"200\" srcset=\"https:\/\/periodicolarepublica.com\/wp-content\/uploads\/2024\/12\/IMG-20241015-WA0082-300x200.jpg?v=1733484509 300w, https:\/\/periodicolarepublica.com\/wp-content\/uploads\/2024\/12\/IMG-20241015-WA0082-1024x683.jpg?v=1733484509 1024w, https:\/\/periodicolarepublica.com\/wp-content\/uploads\/2024\/12\/IMG-20241015-WA0082-768x512.jpg?v=1733484509 768w, https:\/\/periodicolarepublica.com\/wp-content\/uploads\/2024\/12\/IMG-20241015-WA0082-1536x1024.jpg?v=1733484509 1536w, https:\/\/periodicolarepublica.com\/wp-content\/uploads\/2024\/12\/IMG-20241015-WA0082-150x100.jpg?v=1733484509 150w, https:\/\/periodicolarepublica.com\/wp-content\/uploads\/2024\/12\/IMG-20241015-WA0082-600x400.jpg?v=1733484509 600w, https:\/\/periodicolarepublica.com\/wp-content\/uploads\/2024\/12\/IMG-20241015-WA0082-696x464.jpg?v=1733484509 696w, https:\/\/periodicolarepublica.com\/wp-content\/uploads\/2024\/12\/IMG-20241015-WA0082-1392x928.jpg?v=1733484509 1392w, https:\/\/periodicolarepublica.com\/wp-content\/uploads\/2024\/12\/IMG-20241015-WA0082-1068x712.jpg?v=1733484509 1068w, https:\/\/periodicolarepublica.com\/wp-content\/uploads\/2024\/12\/IMG-20241015-WA0082.jpg?v=1733484509 1600w\" sizes=\"auto, (max-width: 300px) 100vw, 300px\" \/>A lo largo de este camino hacia el primer a\u00f1o de gesti\u00f3n, el Ministro de Salud P\u00fablica, Dr. V\u00edctor Atallah, ha demostrado un firme compromiso con la eficiencia, la transparencia y el servicio a toda la poblaci\u00f3n dominicana. Su enfoque ha estado en priorizar las necesidades del pueblo, asegurando que el acceso a los servicios de salud sea universal y sin distinciones.<br \/><br \/>Desde el inicio de su gesti\u00f3n, Atallah ha trabajado de la mano con el presidente Luis Abinader, adoptando principios de honestidad y vocaci\u00f3n de servicio. Estos valores han guiado sus acciones y han sido fundamentales para profundizar el cambio que el pa\u00eds necesita. El compromiso del Ministro con la transparencia ha permitido que la ciudadan\u00eda conf\u00ede en la gesti\u00f3n del ministerio y en la utilizaci\u00f3n de los recursos destinados a la salud.<br \/><br \/>Uno de los hitos m\u00e1s significativos de este primer a\u00f1o ha sido la exitosa campa\u00f1a de prevenci\u00f3n contra el dengue. Este esfuerzo no solo ha sido crucial para proteger la salud de los dominicanos, sino que tambi\u00e9n ha recibido reconocimiento de organismos internacionales. La implementaci\u00f3n de programas como \u00abM\u00e1s Salud\u00bb ha sido vital para mejorar la calidad de vida y la esperanza de vida de la poblaci\u00f3n.<br \/><br \/>El Dr. Atallah ha sabido movilizar recursos y talentos, creando un ambiente de trabajo colaborativo entre los profesionales de la salud. Su liderazgo ha inspirado a colegas y equipos de trabajo, fomentando una cultura de excelencia y compromiso con la salud p\u00fablica. Este enfoque ha permitido que se logren avances significativos en diversas \u00e1reas, desde la atenci\u00f3n primaria hasta la prevenci\u00f3n de enfermedades.<br \/><br \/>El compromiso del ministro se refleja en su cercan\u00eda con la gente. Ha estado presente en comunidades, escuchando sus preocupaciones y necesidades, lo que ha fortalecido la relaci\u00f3n entre el ministerio y la ciudadan\u00eda. Este tipo de interacci\u00f3n es esencial para entender los desaf\u00edos reales que enfrenta la poblaci\u00f3n y buscar soluciones efectivas.<br \/><br \/>A lo largo de este camino, se han implementado diversas estrategias para mejorar la infraestructura de salud y la formaci\u00f3n del personal m\u00e9dico. Estas acciones han sido esenciales para garantizar que los servicios de salud sean de calidad y accesibles para todos. La capacitaci\u00f3n continua del personal es una prioridad que Atallah ha sabido gestionar con eficiencia.<br \/><br \/>El ministro tambi\u00e9n ha hecho \u00e9nfasis en la importancia de la prevenci\u00f3n y la educaci\u00f3n en salud. A trav\u00e9s de campa\u00f1as informativas y programas de sensibilizaci\u00f3n, se ha buscado empoderar a la poblaci\u00f3n para que tome decisiones informadas sobre su salud. Este enfoque preventivo es fundamental para reducir la carga de enfermedades en el pa\u00eds.<br \/><br \/>Mirando hacia el futuro, el Dr. Atallah se ha comprometido a seguir avanzando en la mejora de los servicios de salud. Su visi\u00f3n es clara: poner a la gente en primer lugar. Esto implica continuar trabajando en pol\u00edticas inclusivas que atiendan las necesidades de todos los sectores de la poblaci\u00f3n, sin excepci\u00f3n.<br \/><br \/>En conclusi\u00f3n, el camino hacia el primer a\u00f1o de gesti\u00f3n del Dr. V\u00edctor Atallah al frente del Ministerio de Salud P\u00fablica ha sido un periodo de grandes logros y aprendizajes. Su enfoque en la eficiencia, la transparencia y el servicio al pueblo dominicano marca un camino esperanzador hacia un sistema de salud m\u00e1s justo y accesible. Con el respaldo del presidente Abinader y la colaboraci\u00f3n de todos los actores involucrados, el compromiso de seguir adelante es firme. La salud de la poblaci\u00f3n es una prioridad, y se seguir\u00e1 trabajando para garantizar que todos tengan acceso a ella.<\/p>\r\n","protected":false},"excerpt":{"rendered":"<p>A lo largo de este camino hacia el primer a\u00f1o de gesti\u00f3n, el Ministro de Salud P\u00fablica, Dr. V\u00edctor Atallah, ha demostrado un firme compromiso con la eficiencia, la transparencia y el servicio a toda la poblaci\u00f3n dominicana. Su enfoque ha estado en priorizar las necesidades del pueblo, asegurando que el acceso a los servicios [&hellip;]<\/p>\n","protected":false},"author":10,"featured_media":2303,"comment_status":"open","ping_status":"open","sticky":false,"template":"","format":"standard","meta":{"om_disable_all_campaigns":false,"_monsterinsights_skip_tracking":false,"_monsterinsights_sitenote_active":false,"_monsterinsights_sitenote_note":"","_monsterinsights_sitenote_category":0,"footnotes":""},"categories":[1],"tags":[161],"class_list":{"0":"post-2299","1":"post","2":"type-post","3":"status-publish","4":"format-standard","5":"has-post-thumbnail","7":"category-nacionales","8":"tag-victor-atallah"},"aioseo_notices":[],"_links":{"self":[{"href":"https:\/\/periodicolarepublica.com\/index.php\/wp-json\/wp\/v2\/posts\/2299","targetHints":{"allow":["GET"]}}],"collection":[{"href":"https:\/\/periodicolarepublica.com\/index.php\/wp-json\/wp\/v2\/posts"}],"about":[{"href":"https:\/\/periodicolarepublica.com\/index.php\/wp-json\/wp\/v2\/types\/post"}],"author":[{"embeddable":true,"href":"https:\/\/periodicolarepublica.com\/index.php\/wp-json\/wp\/v2\/users\/10"}],"replies":[{"embeddable":true,"href":"https:\/\/periodicolarepublica.com\/index.php\/wp-json\/wp\/v2\/comments?post=2299"}],"version-history":[{"count":2,"href":"https:\/\/periodicolarepublica.com\/index.php\/wp-json\/wp\/v2\/posts\/2299\/revisions"}],"predecessor-version":[{"id":2304,"href":"https:\/\/periodicolarepublica.com\/index.php\/wp-json\/wp\/v2\/posts\/2299\/revisions\/2304"}],"wp:featuredmedia":[{"embeddable":true,"href":"https:\/\/periodicolarepublica.com\/index.php\/wp-json\/wp\/v2\/media\/2303"}],"wp:attachment":[{"href":"https:\/\/periodicolarepublica.com\/index.php\/wp-json\/wp\/v2\/media?parent=2299"}],"wp:term":[{"taxonomy":"category","embeddable":true,"href":"https:\/\/periodicolarepublica.com\/index.php\/wp-json\/wp\/v2\/categories?post=2299"},{"taxonomy":"post_tag","embeddable":true,"href":"https:\/\/periodicolarepublica.com\/index.php\/wp-json\/wp\/v2\/tags?post=2299"}],"curies":[{"name":"wp","href":"https:\/\/api.w.org\/{rel}","templated":true}]}}