{"id":2302,"date":"2024-12-06T18:54:28","date_gmt":"2024-12-06T17:54:28","guid":{"rendered":"https:\/\/periodicolarepublica.com\/?p=2302"},"modified":"2024-12-06T18:54:28","modified_gmt":"2024-12-06T17:54:28","slug":"ministerio-de-salud-presenta-guia-integral-para-fortalecer-el-bienestar-en-las-comunidades","status":"publish","type":"post","link":"https:\/\/periodicolarepublica.com\/index.php\/2024\/12\/06\/ministerio-de-salud-presenta-guia-integral-para-fortalecer-el-bienestar-en-las-comunidades\/","title":{"rendered":"Ministerio de Salud presenta gu\u00eda integral para fortalecer el bienestar en las comunidades"},"content":{"rendered":"\r\n<p><img loading=\"lazy\" decoding=\"async\" class=\"size-medium wp-image-2307 alignright\" src=\"https:\/\/periodicolarepublica.com\/wp-content\/uploads\/2024\/12\/IMG-20241206-WA0052-300x200.jpg\" alt=\"\" width=\"300\" height=\"200\" \/>Delinea la realizaci\u00f3n de acciones entre actores sociales para mejorar la calidad de vida de los habitantes.<br \/><br \/>*Santo Domingo-.* El Ministerio de Salud, present\u00f3 una gu\u00eda para delinear y reforzar la operatividad y el acercamiento para la creaci\u00f3n de municipios y comunidades saludables, a trav\u00e9s de intervenciones, que propicien acciones sanas y entornos favorables, con el objetivo de continuar mejorando la calidad de vida de las poblaciones. <br \/><br \/>La Gu\u00eda para la Operativizaci\u00f3n de la Estrategia de Municipios y Comunidades Saludables, presentada en un acto encabezado por el viceministro de Salud Colectiva, doctor Eladio P\u00e9rez, traza las metodolog\u00edas a utilizar por el Ministerio de Salud, en coordinaci\u00f3n con otras entidades del Estado, entre ellas la Liga Municipal Dominicana, para acompa\u00f1ar y orientar a las comunidades en el proceso de lograr el bienestar f\u00edsico, mental y social de sus habitantes.<br \/><br \/>Asimismo, tiene entre sus objetivos crear comunidades sanas, a trav\u00e9s de la promoci\u00f3n de la salud y la educaci\u00f3n para la reducci\u00f3n de enfermedades. <br \/><br \/>Adem\u00e1s busca, la mejora de vida de las poblaciones intervenidas, mediante la creaci\u00f3n de ambientes seguros y estimuladores para el desarrollo humano, as\u00ed como con el fortalecimiento de la cohesi\u00f3n social, con el fomento de la participaci\u00f3n ciudadana, la colaboraci\u00f3n y el sentido de comunidad.<br \/><br \/>Las acciones a realizar a partir de esta gu\u00eda contempla los roles de los gobiernos municipales, entre ellos el desarrollo de pol\u00edticas p\u00fablicas, la inversi\u00f3n en infraestructuras y la gesti\u00f3n de recursos, as\u00ed como los de la sociedad civil, como son: La promoci\u00f3n de la participaci\u00f3n ciudadana, la implementaci\u00f3n de proyectos comunitarios y el fortalecimiento de la colaboraci\u00f3n entre los actores sociales.<br \/><br \/>Al pronunciar las palabras centrales de la actividad, el viceministro de Salud Colectiva del Ministerio de Salud, doctor Eladio P\u00e9rez, resalt\u00f3 la importancia de que los gestores de salud se acerquen y trabajen junto con las comunidades para lograr poblaciones saludables, como promueve la Gu\u00eda para la Operativizaci\u00f3n de la Estrategia de Municipios y Comunidades Saludables.<br \/><br \/>Indic\u00f3 que este nuevo documento facilita los trabajos de los gestores y promotores de la salud en las comunidades, que a veces se dificultan por el desconocimiento de los roles con respecto a la salud p\u00fablica.<br \/><br \/>La gu\u00eda, revisada y actualizada, fue presentada por el director de Apoyo a la Promoci\u00f3n y Educaci\u00f3n por la Salud (Dapes), doctor Miguel Brujan, quien indic\u00f3 que los planes y acciones de la Direcciones Provinciales de Salud (DPS) y de otros organismos del Ministerio de Salud estar\u00e1n sustentados en ese documento para lograr mejores resultados, y por la encargada del departamento de Participaci\u00f3n Comunitaria de Dapes, doctora Mariel Rosario, quien edific\u00f3 a los presentes sobre las diversas iniciativas e intervenciones que se pueden desarrollar en los territorios para lograr comunidades resilientes y m\u00e1s saludables.<\/p>\r\n","protected":false},"excerpt":{"rendered":"<p>Delinea la realizaci\u00f3n de acciones entre actores sociales para mejorar la calidad de vida de los habitantes. *Santo Domingo-.* El Ministerio de Salud, present\u00f3 una gu\u00eda para delinear y reforzar la operatividad y el acercamiento para la creaci\u00f3n de municipios y comunidades saludables, a trav\u00e9s de intervenciones, que propicien acciones sanas y entornos favorables, con [&hellip;]<\/p>\n","protected":false},"author":10,"featured_media":0,"comment_status":"open","ping_status":"open","sticky":false,"template":"","format":"standard","meta":{"om_disable_all_campaigns":false,"_monsterinsights_skip_tracking":false,"_monsterinsights_sitenote_active":false,"_monsterinsights_sitenote_note":"","_monsterinsights_sitenote_category":0,"footnotes":""},"categories":[1],"tags":[307],"class_list":{"0":"post-2302","1":"post","2":"type-post","3":"status-publish","4":"format-standard","6":"category-nacionales","7":"tag-ministerio-de-salud-publica"},"aioseo_notices":[],"_links":{"self":[{"href":"https:\/\/periodicolarepublica.com\/index.php\/wp-json\/wp\/v2\/posts\/2302","targetHints":{"allow":["GET"]}}],"collection":[{"href":"https:\/\/periodicolarepublica.com\/index.php\/wp-json\/wp\/v2\/posts"}],"about":[{"href":"https:\/\/periodicolarepublica.com\/index.php\/wp-json\/wp\/v2\/types\/post"}],"author":[{"embeddable":true,"href":"https:\/\/periodicolarepublica.com\/index.php\/wp-json\/wp\/v2\/users\/10"}],"replies":[{"embeddable":true,"href":"https:\/\/periodicolarepublica.com\/index.php\/wp-json\/wp\/v2\/comments?post=2302"}],"version-history":[{"count":2,"href":"https:\/\/periodicolarepublica.com\/index.php\/wp-json\/wp\/v2\/posts\/2302\/revisions"}],"predecessor-version":[{"id":2308,"href":"https:\/\/periodicolarepublica.com\/index.php\/wp-json\/wp\/v2\/posts\/2302\/revisions\/2308"}],"wp:attachment":[{"href":"https:\/\/periodicolarepublica.com\/index.php\/wp-json\/wp\/v2\/media?parent=2302"}],"wp:term":[{"taxonomy":"category","embeddable":true,"href":"https:\/\/periodicolarepublica.com\/index.php\/wp-json\/wp\/v2\/categories?post=2302"},{"taxonomy":"post_tag","embeddable":true,"href":"https:\/\/periodicolarepublica.com\/index.php\/wp-json\/wp\/v2\/tags?post=2302"}],"curies":[{"name":"wp","href":"https:\/\/api.w.org\/{rel}","templated":true}]}}