{"id":2314,"date":"2024-12-10T13:36:13","date_gmt":"2024-12-10T12:36:13","guid":{"rendered":"https:\/\/periodicolarepublica.com\/?p=2314"},"modified":"2024-12-10T13:36:13","modified_gmt":"2024-12-10T12:36:13","slug":"regidor-jassiel-diaz-continua-realizando-su-tradicional-cena-navidena-pal-barrio","status":"publish","type":"post","link":"https:\/\/periodicolarepublica.com\/index.php\/2024\/12\/10\/regidor-jassiel-diaz-continua-realizando-su-tradicional-cena-navidena-pal-barrio\/","title":{"rendered":"Regidor Jassiel D\u00edaz contin\u00faa realizando su tradicional \u00abCena Navide\u00f1a Pal Barrio\u00bb"},"content":{"rendered":"\r\n<p><img loading=\"lazy\" decoding=\"async\" class=\"size-medium wp-image-2323 alignright\" src=\"https:\/\/periodicolarepublica.com\/wp-content\/uploads\/2024\/12\/IMG-20241210-WA0015-300x199.jpg\" alt=\"\" width=\"300\" height=\"199\" srcset=\"https:\/\/periodicolarepublica.com\/wp-content\/uploads\/2024\/12\/IMG-20241210-WA0015-300x199.jpg?v=1733834163 300w, https:\/\/periodicolarepublica.com\/wp-content\/uploads\/2024\/12\/IMG-20241210-WA0015-1024x678.jpg?v=1733834163 1024w, https:\/\/periodicolarepublica.com\/wp-content\/uploads\/2024\/12\/IMG-20241210-WA0015-768x509.jpg?v=1733834163 768w, https:\/\/periodicolarepublica.com\/wp-content\/uploads\/2024\/12\/IMG-20241210-WA0015-1536x1018.jpg?v=1733834163 1536w, https:\/\/periodicolarepublica.com\/wp-content\/uploads\/2024\/12\/IMG-20241210-WA0015-2048x1357.jpg?v=1733834163 2048w, https:\/\/periodicolarepublica.com\/wp-content\/uploads\/2024\/12\/IMG-20241210-WA0015-150x99.jpg?v=1733834163 150w, https:\/\/periodicolarepublica.com\/wp-content\/uploads\/2024\/12\/IMG-20241210-WA0015-600x398.jpg?v=1733834163 600w, https:\/\/periodicolarepublica.com\/wp-content\/uploads\/2024\/12\/IMG-20241210-WA0015-696x461.jpg?v=1733834163 696w, https:\/\/periodicolarepublica.com\/wp-content\/uploads\/2024\/12\/IMG-20241210-WA0015-1392x922.jpg?v=1733834163 1392w, https:\/\/periodicolarepublica.com\/wp-content\/uploads\/2024\/12\/IMG-20241210-WA0015-1068x708.jpg?v=1733834163 1068w, https:\/\/periodicolarepublica.com\/wp-content\/uploads\/2024\/12\/IMG-20241210-WA0015-1920x1272.jpg?v=1733834163 1920w\" sizes=\"auto, (max-width: 300px) 100vw, 300px\" \/>Santo Domingo Oeste. El regidor por el Partido Revolucionario Moderno (PRM) en este municipio, Jassiel D\u00edaz, contin\u00faa llevando su tradicional \u201cCena Navide\u00f1a Pal Barrio\u201d a los diferentes sectores del municipio.<br \/><br \/>El joven regidor Jassiel D\u00edaz asegur\u00f3 que el objetivo de esta cena es compartir la magia de la Navidad, pero en familia, apegados a los mejores principios cristianos, que es lo que identifica al pueblo dominicano.<br \/><br \/>El regidor, en sus palabras centrales, agradeci\u00f3 a Dios y a cada uno de los presentes en la \u201cCena Navide\u00f1a Pal Barrio\u201d. Asegur\u00f3 que la misma se llevar\u00e1 a cabo durante el mes de diciembre, en coordinaci\u00f3n con las diferentes juntas de vecinos, l\u00edderes deportivos y comunitarios del municipio.<br \/><br \/>Con esta iniciativa social, el regidor Jassiel D\u00edaz invita a todos los mun\u00edcipes a unirse a esta actividad y disfrutar juntos de un momento especial en esta temporada navide\u00f1a.<br \/><br \/>D\u00edaz afirma que esta es una excelente oportunidad para fortalecer los lazos comunitarios y vivir la alegr\u00eda de la Navidad en un ambiente cercano y familiar.<br \/><br \/>Finalmente, exhort\u00f3 a los mun\u00edcipes de Santo Domingo Oeste y al pueblo dominicano a disfrutar las navidades en familia y en armon\u00eda, para continuar desarrollando el municipio que todos so\u00f1amos.<\/p>\r\n","protected":false},"excerpt":{"rendered":"<p>Santo Domingo Oeste. El regidor por el Partido Revolucionario Moderno (PRM) en este municipio, Jassiel D\u00edaz, contin\u00faa llevando su tradicional \u201cCena Navide\u00f1a Pal Barrio\u201d a los diferentes sectores del municipio. El joven regidor Jassiel D\u00edaz asegur\u00f3 que el objetivo de esta cena es compartir la magia de la Navidad, pero en familia, apegados a los [&hellip;]<\/p>\n","protected":false},"author":10,"featured_media":2323,"comment_status":"open","ping_status":"open","sticky":false,"template":"","format":"standard","meta":{"om_disable_all_campaigns":false,"_monsterinsights_skip_tracking":false,"_monsterinsights_sitenote_active":false,"_monsterinsights_sitenote_note":"","_monsterinsights_sitenote_category":0,"footnotes":""},"categories":[1],"tags":[],"class_list":{"0":"post-2314","1":"post","2":"type-post","3":"status-publish","4":"format-standard","5":"has-post-thumbnail","7":"category-nacionales"},"aioseo_notices":[],"_links":{"self":[{"href":"https:\/\/periodicolarepublica.com\/index.php\/wp-json\/wp\/v2\/posts\/2314","targetHints":{"allow":["GET"]}}],"collection":[{"href":"https:\/\/periodicolarepublica.com\/index.php\/wp-json\/wp\/v2\/posts"}],"about":[{"href":"https:\/\/periodicolarepublica.com\/index.php\/wp-json\/wp\/v2\/types\/post"}],"author":[{"embeddable":true,"href":"https:\/\/periodicolarepublica.com\/index.php\/wp-json\/wp\/v2\/users\/10"}],"replies":[{"embeddable":true,"href":"https:\/\/periodicolarepublica.com\/index.php\/wp-json\/wp\/v2\/comments?post=2314"}],"version-history":[{"count":2,"href":"https:\/\/periodicolarepublica.com\/index.php\/wp-json\/wp\/v2\/posts\/2314\/revisions"}],"predecessor-version":[{"id":2324,"href":"https:\/\/periodicolarepublica.com\/index.php\/wp-json\/wp\/v2\/posts\/2314\/revisions\/2324"}],"wp:featuredmedia":[{"embeddable":true,"href":"https:\/\/periodicolarepublica.com\/index.php\/wp-json\/wp\/v2\/media\/2323"}],"wp:attachment":[{"href":"https:\/\/periodicolarepublica.com\/index.php\/wp-json\/wp\/v2\/media?parent=2314"}],"wp:term":[{"taxonomy":"category","embeddable":true,"href":"https:\/\/periodicolarepublica.com\/index.php\/wp-json\/wp\/v2\/categories?post=2314"},{"taxonomy":"post_tag","embeddable":true,"href":"https:\/\/periodicolarepublica.com\/index.php\/wp-json\/wp\/v2\/tags?post=2314"}],"curies":[{"name":"wp","href":"https:\/\/api.w.org\/{rel}","templated":true}]}}