{"id":2322,"date":"2024-12-10T21:51:38","date_gmt":"2024-12-10T20:51:38","guid":{"rendered":"https:\/\/periodicolarepublica.com\/?p=2322"},"modified":"2024-12-10T21:51:38","modified_gmt":"2024-12-10T20:51:38","slug":"ministerio-de-salud-y-sns-aseguran-embarazos-en-adolescentes-se-reducen-de-23-a-19","status":"publish","type":"post","link":"https:\/\/periodicolarepublica.com\/index.php\/2024\/12\/10\/ministerio-de-salud-y-sns-aseguran-embarazos-en-adolescentes-se-reducen-de-23-a-19\/","title":{"rendered":"Ministerio de Salud y SNS aseguran embarazos en adolescentes se reducen de 23% a 19%"},"content":{"rendered":"\r\n<p><img loading=\"lazy\" decoding=\"async\" class=\"size-medium wp-image-2327 alignright\" src=\"https:\/\/periodicolarepublica.com\/wp-content\/uploads\/2024\/12\/IMG-20241210-WA0067-300x200.jpg\" alt=\"\" width=\"300\" height=\"200\" \/>Durante esta gesti\u00f3n han sido creadas 21 unidades de atenci\u00f3n integral a los adolescentes, para un total de 39.<br \/><br \/><br \/>*Santo Domingo. \u2013* El Gobierno dominicano ha logrado reducir la tasa de embarazos en adolescentes de un 23% a un 19% gracias a la ejecuci\u00f3n de acciones conjuntas lideradas por el Ministerio de Salud P\u00fablica (MSP), el Servicio Nacional de Salud (SNS) y otras instituciones aliadas.<br \/><br \/>Entre las medidas implementadas, se destaca el incremento de las Unidades de Atenci\u00f3n Integral para Adolescentes, que han pasado de 18 a 39 a nivel nacional. Estas unidades, que anteriormente se enfocaban exclusivamente en adolescentes embarazadas, ahora brindan una atenci\u00f3n general que incluye aspectos f\u00edsicos, emocionales y sociales. <br \/><br \/>Estas informaciones fueron compartidas durante el encuentro \u201cSocializaci\u00f3n de Buenas Pr\u00e1cticas de Promoci\u00f3n y Prevenci\u00f3n en Salud Integral de Adolescentes y Participaci\u00f3n Comunitaria\u201d, organizado por el Programa de Adolescentes de la Direcci\u00f3n de Curso de Vida del Ministerio de Salud, en coordinaci\u00f3n con el SNS.<br \/><br \/>El doctor Mart\u00edn Ortiz, director Materno-Infantil y de Adolescentes del SNS, resalt\u00f3 el impacto de estas unidades, se\u00f1alando que se continuar\u00e1 expandiendo su cobertura. \u201cEl esfuerzo conjunto entre el Ministerio de Salud y el SNS es clave para seguir reduciendo los embarazos en adolescentes y garantizar su desarrollo integral\u201d, afirm\u00f3.<br \/><br \/>Por su parte, el doctor Ricardo El\u00edas Melgen, director de Salud de la Poblaci\u00f3n del MSP, destac\u00f3 la capacitaci\u00f3n realizada este a\u00f1o, que incluy\u00f3 a 117 adolescentes, 279 colaboradores de las Direcciones Provinciales de Salud (DPS) y 46 proveedores de salud en el Enfoque integral de atenci\u00f3n para adolescentes.<br \/><br \/>\u201cLa promoci\u00f3n y prevenci\u00f3n en salud integral para adolescentes son pilares fundamentales para asegurar su bienestar f\u00edsico y emocional, alineados con las pol\u00edticas de salud nacionales\u201d, se\u00f1al\u00f3 Melgen.<br \/><br \/>En tanto, la doctora Elsa Camilo, directora de Curso de Vida del MSP, enfatiz\u00f3 que los adolescentes el presente y futuro del desarrollo del pa\u00eds, por lo que es prioritario garantizar su bienestar integral.<br \/><br \/>Durante la actividad, se presentan logros clave, como estrategias efectivas que han impulsado la participaci\u00f3n comunitaria y el desarrollo sano de los adolescentes en sus respectivas localidades. Las experiencias compartidas refuerzan el compromiso interinstitucional con esta poblaci\u00f3n.<br \/><br \/>*Impacto de las buenas pr\u00e1cticas* <br \/><br \/>El encuentro permiti\u00f3 socializar las estrategias que han resultado efectivas y sostenibles, las cuales promueven la participaci\u00f3n de los adolescentes en la soluci\u00f3n de necesidades comunitarias, generando un impacto positivo en su desarrollo integral.<br \/><br \/>El MSP y el SNS de continuar trabajando de manera conjunta para mejorar la calidad de vida de los adolescentes, garantizando su inclusi\u00f3n en procesos de desarrollo comunitario y acceso a servicios de salud integrales.<\/p>\r\n","protected":false},"excerpt":{"rendered":"<p>Durante esta gesti\u00f3n han sido creadas 21 unidades de atenci\u00f3n integral a los adolescentes, para un total de 39. *Santo Domingo. \u2013* El Gobierno dominicano ha logrado reducir la tasa de embarazos en adolescentes de un 23% a un 19% gracias a la ejecuci\u00f3n de acciones conjuntas lideradas por el Ministerio de Salud P\u00fablica (MSP), [&hellip;]<\/p>\n","protected":false},"author":10,"featured_media":0,"comment_status":"open","ping_status":"open","sticky":false,"template":"","format":"standard","meta":{"om_disable_all_campaigns":false,"_monsterinsights_skip_tracking":false,"_monsterinsights_sitenote_active":false,"_monsterinsights_sitenote_note":"","_monsterinsights_sitenote_category":0,"footnotes":""},"categories":[1],"tags":[159],"class_list":{"0":"post-2322","1":"post","2":"type-post","3":"status-publish","4":"format-standard","6":"category-nacionales","7":"tag-ministro-de-salud-publica-victor-atallah"},"aioseo_notices":[],"_links":{"self":[{"href":"https:\/\/periodicolarepublica.com\/index.php\/wp-json\/wp\/v2\/posts\/2322","targetHints":{"allow":["GET"]}}],"collection":[{"href":"https:\/\/periodicolarepublica.com\/index.php\/wp-json\/wp\/v2\/posts"}],"about":[{"href":"https:\/\/periodicolarepublica.com\/index.php\/wp-json\/wp\/v2\/types\/post"}],"author":[{"embeddable":true,"href":"https:\/\/periodicolarepublica.com\/index.php\/wp-json\/wp\/v2\/users\/10"}],"replies":[{"embeddable":true,"href":"https:\/\/periodicolarepublica.com\/index.php\/wp-json\/wp\/v2\/comments?post=2322"}],"version-history":[{"count":2,"href":"https:\/\/periodicolarepublica.com\/index.php\/wp-json\/wp\/v2\/posts\/2322\/revisions"}],"predecessor-version":[{"id":2328,"href":"https:\/\/periodicolarepublica.com\/index.php\/wp-json\/wp\/v2\/posts\/2322\/revisions\/2328"}],"wp:attachment":[{"href":"https:\/\/periodicolarepublica.com\/index.php\/wp-json\/wp\/v2\/media?parent=2322"}],"wp:term":[{"taxonomy":"category","embeddable":true,"href":"https:\/\/periodicolarepublica.com\/index.php\/wp-json\/wp\/v2\/categories?post=2322"},{"taxonomy":"post_tag","embeddable":true,"href":"https:\/\/periodicolarepublica.com\/index.php\/wp-json\/wp\/v2\/tags?post=2322"}],"curies":[{"name":"wp","href":"https:\/\/api.w.org\/{rel}","templated":true}]}}