{"id":2326,"date":"2024-12-11T17:04:03","date_gmt":"2024-12-11T16:04:03","guid":{"rendered":"https:\/\/periodicolarepublica.com\/?p=2326"},"modified":"2024-12-11T17:04:03","modified_gmt":"2024-12-11T16:04:03","slug":"la-salud-integral-un-compromiso-del-ministro-victor-atallah","status":"publish","type":"post","link":"https:\/\/periodicolarepublica.com\/index.php\/2024\/12\/11\/la-salud-integral-un-compromiso-del-ministro-victor-atallah\/","title":{"rendered":"La Salud Integral Un Compromiso del Ministro V\u00edctor Atallah"},"content":{"rendered":"\r\n<p><img loading=\"lazy\" decoding=\"async\" class=\"size-medium wp-image-2254 alignright\" src=\"https:\/\/periodicolarepublica.com\/wp-content\/uploads\/2024\/12\/ales-mini-300x300.jpg\" alt=\"\" width=\"300\" height=\"300\" srcset=\"https:\/\/periodicolarepublica.com\/wp-content\/uploads\/2024\/12\/ales-mini-300x300.jpg?v=1733054193 300w, https:\/\/periodicolarepublica.com\/wp-content\/uploads\/2024\/12\/ales-mini-1024x1024.jpg?v=1733054193 1024w, https:\/\/periodicolarepublica.com\/wp-content\/uploads\/2024\/12\/ales-mini-150x150.jpg?v=1733054193 150w, https:\/\/periodicolarepublica.com\/wp-content\/uploads\/2024\/12\/ales-mini-768x768.jpg?v=1733054193 768w, https:\/\/periodicolarepublica.com\/wp-content\/uploads\/2024\/12\/ales-mini-600x600.jpg?v=1733054193 600w, https:\/\/periodicolarepublica.com\/wp-content\/uploads\/2024\/12\/ales-mini-696x696.jpg?v=1733054193 696w, https:\/\/periodicolarepublica.com\/wp-content\/uploads\/2024\/12\/ales-mini-1068x1068.jpg?v=1733054193 1068w, https:\/\/periodicolarepublica.com\/wp-content\/uploads\/2024\/12\/ales-mini.jpg?v=1733054193 1080w\" sizes=\"auto, (max-width: 300px) 100vw, 300px\" \/>El reciente anuncio del Ministro de Salud P\u00fablica, V\u00edctor Atallah, sobre la presentaci\u00f3n de 26 documentos normativos marca un hito significativo en la atenci\u00f3n sanitaria en la Rep\u00fablica Dominicana. Este esfuerzo no solo busca fortalecer la calidad de atenci\u00f3n, sino tambi\u00e9n reafirmar el compromiso del ministerio de trabajar para y por la gente. La salud del pueblo dominicano debe ser una prioridad, y es alentador ver que el ministro se concentra en este objetivo.<br \/><br \/>Atallah ha enfatizado la importancia de acercarse a la poblaci\u00f3n, un enfoque que resulta fundamental en la construcci\u00f3n de un sistema de salud m\u00e1s eficiente y humano. La cercan\u00eda con la gente permite entender sus necesidades y preocupaciones, lo que, a su vez, facilita la implementaci\u00f3n de pol\u00edticas p\u00fablicas efectivas. En tiempos donde la desconfianza en las instituciones puede ser elevada, acciones como estas son cruciales para reconstruir la relaci\u00f3n entre el gobierno y los ciudadanos.<br \/><br \/>El anuncio de nuevas \u00abRutas de Vida\u00bb para el a\u00f1o 2025 es una propuesta que promete mejorar el acceso a servicios de salud en las comunidades m\u00e1s apartadas. La idea de llevar asistencia m\u00e9dica a cada rinc\u00f3n del pa\u00eds es un paso hacia la equidad en la atenci\u00f3n sanitaria. La salud no debe ser un privilegio, sino un derecho accesible para todos, y estas iniciativas son esenciales para lograrlo.<br \/><br \/>El compromiso del Ministro Atallah tambi\u00e9n se extiende a la salud animal, un aspecto frecuentemente ignorado en las pol\u00edticas p\u00fablicas de salud. La preocupaci\u00f3n por el bienestar de los animales refleja una visi\u00f3n integral de la salud, donde no solo se cuida a las personas, sino tambi\u00e9n a aquellos seres que forman parte de nuestras familias. Su afirmaci\u00f3n de que \u00ablos animales son nuestra familia\u00bb resuena profundamente en una sociedad que cada vez m\u00e1s reconoce la importancia de la convivencia responsable con los animales.<br \/><br \/>La implementaci\u00f3n de ferias de vacunaci\u00f3n para animales es otra iniciativa digna de menci\u00f3n. Estas ferias no solo contribuyen a la salud p\u00fablica al prevenir enfermedades zoon\u00f3ticas, sino que tambi\u00e9n fomentan el sentido de responsabilidad social entre los due\u00f1os de mascotas. La salud de los animales es un componente vital de la salud p\u00fablica, y es alentador ver que se le da la atenci\u00f3n que merece.<br \/><br \/>La visi\u00f3n del Ministro Atallah, respaldada por el presidente Luis Abinader, se\u00f1ala un cambio de paradigma en la gesti\u00f3n de la salud p\u00fablica en el pa\u00eds. La voluntad de no descansar en la lucha por los m\u00e1s necesitados es un mensaje claro de que el ministerio est\u00e1 comprometido a hacer de la salud un tema prioritario en la agenda gubernamental. Este enfoque humanitario es fundamental para construir una sociedad m\u00e1s justa.<br \/><br \/>La implementaci\u00f3n efectiva de estas pol\u00edticas depender\u00e1 de la asignaci\u00f3n adecuada de recursos y de la colaboraci\u00f3n entre distintas instituciones. La transparencia y la rendici\u00f3n de cuentas ser\u00e1n clave para que la poblaci\u00f3n conf\u00ede en que estos cambios realmente se traducir\u00e1n en mejoras en su calidad de vida.<br \/><br \/>La comunicaci\u00f3n constante entre el ministerio y la ciudadan\u00eda ser\u00e1 vital para el \u00e9xito de estas pol\u00edticas. Es necesario que la poblaci\u00f3n est\u00e9 informada sobre los servicios disponibles y que se sientan parte activa de este proceso. La participaci\u00f3n ciudadana en la formulaci\u00f3n de pol\u00edticas de salud puede enriquecer el enfoque y asegurar que se aborden las necesidades reales de la comunidad.<br \/><br \/>En conclusi\u00f3n, la labor del Ministro de Salud, V\u00edctor Atallah, y su enfoque en la salud integral son pasos positivos hacia un sistema de salud m\u00e1s inclusivo y responsable. La atenci\u00f3n a la salud del pueblo dominicano, as\u00ed como a la de los animales, refleja una visi\u00f3n amplia y humana de la salud p\u00fablica. Esperamos que estas iniciativas se materialicen y traigan consigo un cambio real en la calidad de vida de todos los dominicanos.<\/p>\r\n","protected":false},"excerpt":{"rendered":"<p>El reciente anuncio del Ministro de Salud P\u00fablica, V\u00edctor Atallah, sobre la presentaci\u00f3n de 26 documentos normativos marca un hito significativo en la atenci\u00f3n sanitaria en la Rep\u00fablica Dominicana. Este esfuerzo no solo busca fortalecer la calidad de atenci\u00f3n, sino tambi\u00e9n reafirmar el compromiso del ministerio de trabajar para y por la gente. La salud [&hellip;]<\/p>\n","protected":false},"author":10,"featured_media":2254,"comment_status":"open","ping_status":"open","sticky":false,"template":"","format":"standard","meta":{"om_disable_all_campaigns":false,"_monsterinsights_skip_tracking":false,"_monsterinsights_sitenote_active":false,"_monsterinsights_sitenote_note":"","_monsterinsights_sitenote_category":0,"footnotes":""},"categories":[1],"tags":[161],"class_list":{"0":"post-2326","1":"post","2":"type-post","3":"status-publish","4":"format-standard","5":"has-post-thumbnail","7":"category-nacionales","8":"tag-victor-atallah"},"aioseo_notices":[],"_links":{"self":[{"href":"https:\/\/periodicolarepublica.com\/index.php\/wp-json\/wp\/v2\/posts\/2326","targetHints":{"allow":["GET"]}}],"collection":[{"href":"https:\/\/periodicolarepublica.com\/index.php\/wp-json\/wp\/v2\/posts"}],"about":[{"href":"https:\/\/periodicolarepublica.com\/index.php\/wp-json\/wp\/v2\/types\/post"}],"author":[{"embeddable":true,"href":"https:\/\/periodicolarepublica.com\/index.php\/wp-json\/wp\/v2\/users\/10"}],"replies":[{"embeddable":true,"href":"https:\/\/periodicolarepublica.com\/index.php\/wp-json\/wp\/v2\/comments?post=2326"}],"version-history":[{"count":2,"href":"https:\/\/periodicolarepublica.com\/index.php\/wp-json\/wp\/v2\/posts\/2326\/revisions"}],"predecessor-version":[{"id":2331,"href":"https:\/\/periodicolarepublica.com\/index.php\/wp-json\/wp\/v2\/posts\/2326\/revisions\/2331"}],"wp:featuredmedia":[{"embeddable":true,"href":"https:\/\/periodicolarepublica.com\/index.php\/wp-json\/wp\/v2\/media\/2254"}],"wp:attachment":[{"href":"https:\/\/periodicolarepublica.com\/index.php\/wp-json\/wp\/v2\/media?parent=2326"}],"wp:term":[{"taxonomy":"category","embeddable":true,"href":"https:\/\/periodicolarepublica.com\/index.php\/wp-json\/wp\/v2\/categories?post=2326"},{"taxonomy":"post_tag","embeddable":true,"href":"https:\/\/periodicolarepublica.com\/index.php\/wp-json\/wp\/v2\/tags?post=2326"}],"curies":[{"name":"wp","href":"https:\/\/api.w.org\/{rel}","templated":true}]}}