{"id":2332,"date":"2024-12-12T05:46:06","date_gmt":"2024-12-12T04:46:06","guid":{"rendered":"https:\/\/periodicolarepublica.com\/?p=2332"},"modified":"2024-12-12T05:46:06","modified_gmt":"2024-12-12T04:46:06","slug":"2332","status":"publish","type":"post","link":"https:\/\/periodicolarepublica.com\/index.php\/2024\/12\/12\/2332\/","title":{"rendered":""},"content":{"rendered":"<p>&nbsp;<\/p>\n<p>El Ministerio de Educaci\u00f3n de la Rep\u00fablica Dominicana (Minerd), a trav\u00e9s de su Departamento de Inform\u00e1tica Educativa, reconoci\u00f3 nueve Buenas Pr\u00e1cticas Innovadoras de los niveles de Inicial, Primario y Secundario que utilizan las nuevas tecnolog\u00edas para potenciar los aprendizajes en etapa oportuna y hacer frente a diferentes desaf\u00edos sociales.<\/p>\n<p>El acto fue encabezado por Ancell Scheker, Viceministra de Asuntos T\u00e9cnicos y Pedag\u00f3gicos y el Sr. Wilson Mateo, Encargado de Inform\u00e1tica Educativa del Ministerio de Educaci\u00f3n.<\/p>\n<p>&nbsp;<\/p>\n<p>En el mismo, la viceministra Ancell Scheker agradeci\u00f3 a los docentes su compromiso con lmINERDos estudiantes y motivarlos a continuar con las buenas pr\u00e1cticas y en su desarrollo pedag\u00f3gico, as\u00ed como enalteci\u00f3 el trabajo de los t\u00e9cnicos docentes con estas buenas pr\u00e1cticas que ayudan al crecimiento y fortalecimiento de la educaci\u00f3n dominicana.<\/p>\n<p><img loading=\"lazy\" decoding=\"async\" class=\"alignnone size-medium wp-image-2333\" src=\"https:\/\/periodicolarepublica.com\/wp-content\/uploads\/2024\/12\/MINERD-300x169.jpg\" alt=\"\" width=\"300\" height=\"169\" \/><\/p>\n","protected":false},"excerpt":{"rendered":"<p>&nbsp; El Ministerio de Educaci\u00f3n de la Rep\u00fablica Dominicana (Minerd), a trav\u00e9s de su Departamento de Inform\u00e1tica Educativa, reconoci\u00f3 nueve Buenas Pr\u00e1cticas Innovadoras de los niveles de Inicial, Primario y Secundario que utilizan las nuevas tecnolog\u00edas para potenciar los aprendizajes en etapa oportuna y hacer frente a diferentes desaf\u00edos sociales. El acto fue encabezado por [&hellip;]<\/p>\n","protected":false},"author":1,"featured_media":0,"comment_status":"open","ping_status":"open","sticky":false,"template":"","format":"standard","meta":{"om_disable_all_campaigns":false,"_monsterinsights_skip_tracking":false,"_monsterinsights_sitenote_active":false,"_monsterinsights_sitenote_note":"","_monsterinsights_sitenote_category":0,"footnotes":""},"categories":[1],"tags":[],"class_list":{"0":"post-2332","1":"post","2":"type-post","3":"status-publish","4":"format-standard","6":"category-nacionales"},"aioseo_notices":[],"_links":{"self":[{"href":"https:\/\/periodicolarepublica.com\/index.php\/wp-json\/wp\/v2\/posts\/2332","targetHints":{"allow":["GET"]}}],"collection":[{"href":"https:\/\/periodicolarepublica.com\/index.php\/wp-json\/wp\/v2\/posts"}],"about":[{"href":"https:\/\/periodicolarepublica.com\/index.php\/wp-json\/wp\/v2\/types\/post"}],"author":[{"embeddable":true,"href":"https:\/\/periodicolarepublica.com\/index.php\/wp-json\/wp\/v2\/users\/1"}],"replies":[{"embeddable":true,"href":"https:\/\/periodicolarepublica.com\/index.php\/wp-json\/wp\/v2\/comments?post=2332"}],"version-history":[{"count":1,"href":"https:\/\/periodicolarepublica.com\/index.php\/wp-json\/wp\/v2\/posts\/2332\/revisions"}],"predecessor-version":[{"id":2334,"href":"https:\/\/periodicolarepublica.com\/index.php\/wp-json\/wp\/v2\/posts\/2332\/revisions\/2334"}],"wp:attachment":[{"href":"https:\/\/periodicolarepublica.com\/index.php\/wp-json\/wp\/v2\/media?parent=2332"}],"wp:term":[{"taxonomy":"category","embeddable":true,"href":"https:\/\/periodicolarepublica.com\/index.php\/wp-json\/wp\/v2\/categories?post=2332"},{"taxonomy":"post_tag","embeddable":true,"href":"https:\/\/periodicolarepublica.com\/index.php\/wp-json\/wp\/v2\/tags?post=2332"}],"curies":[{"name":"wp","href":"https:\/\/api.w.org\/{rel}","templated":true}]}}