{"id":2344,"date":"2024-12-15T00:15:10","date_gmt":"2024-12-14T23:15:10","guid":{"rendered":"https:\/\/periodicolarepublica.com\/?p=2344"},"modified":"2024-12-15T00:15:10","modified_gmt":"2024-12-14T23:15:10","slug":"de-la-prevencion-a-la-accion-el-compromiso-del-ministro-dr-victor-atallah-contra-el-dengue","status":"publish","type":"post","link":"https:\/\/periodicolarepublica.com\/index.php\/2024\/12\/15\/de-la-prevencion-a-la-accion-el-compromiso-del-ministro-dr-victor-atallah-contra-el-dengue\/","title":{"rendered":"De la Prevenci\u00f3n a la Acci\u00f3n El Compromiso del Ministro Dr. V\u00edctor Atallah Contra el Dengue"},"content":{"rendered":"\r\n<p><img loading=\"lazy\" decoding=\"async\" class=\"size-medium wp-image-2354 alignright\" src=\"https:\/\/periodicolarepublica.com\/wp-content\/uploads\/2024\/12\/SaveClip.App_426532060_18379794979076602_5392325353230988957_n-300x200.jpg\" alt=\"\" width=\"300\" height=\"200\" srcset=\"https:\/\/periodicolarepublica.com\/wp-content\/uploads\/2024\/12\/SaveClip.App_426532060_18379794979076602_5392325353230988957_n-300x200.jpg?v=1734218084 300w, https:\/\/periodicolarepublica.com\/wp-content\/uploads\/2024\/12\/SaveClip.App_426532060_18379794979076602_5392325353230988957_n-1024x683.jpg?v=1734218084 1024w, https:\/\/periodicolarepublica.com\/wp-content\/uploads\/2024\/12\/SaveClip.App_426532060_18379794979076602_5392325353230988957_n-768x512.jpg?v=1734218084 768w, https:\/\/periodicolarepublica.com\/wp-content\/uploads\/2024\/12\/SaveClip.App_426532060_18379794979076602_5392325353230988957_n-150x100.jpg?v=1734218084 150w, https:\/\/periodicolarepublica.com\/wp-content\/uploads\/2024\/12\/SaveClip.App_426532060_18379794979076602_5392325353230988957_n-600x400.jpg?v=1734218084 600w, https:\/\/periodicolarepublica.com\/wp-content\/uploads\/2024\/12\/SaveClip.App_426532060_18379794979076602_5392325353230988957_n-696x464.jpg?v=1734218084 696w, https:\/\/periodicolarepublica.com\/wp-content\/uploads\/2024\/12\/SaveClip.App_426532060_18379794979076602_5392325353230988957_n.jpg?v=1734218084 1065w\" sizes=\"auto, (max-width: 300px) 100vw, 300px\" \/>Durante a\u00f1os, la Rep\u00fablica Dominicana enfrent\u00f3 desaf\u00edos significativos en la lucha contra el dengue. Las epidemias recurrentes y el impacto en la salud p\u00fablica generaron preocupaci\u00f3n entre la poblaci\u00f3n y las autoridades. Sin embargo, la llegada del Dr. V\u00edctor Atallah como Ministro de Salud P\u00fablica marc\u00f3 un punto de inflexi\u00f3n en esta batalla.<br \/><br \/>Desde su juramentaci\u00f3n, el Dr. Atallah prioriz\u00f3 la lucha contra el dengue, implementando estrategias innovadoras y efectivas. Su enfoque ha sido integral, combinando la prevenci\u00f3n, el tratamiento y la educaci\u00f3n comunitaria. Este compromiso ha sido reconocido no solo a nivel nacional, sino tambi\u00e9n por organismos de salud de Am\u00e9rica y el mundo, quienes admiran su trabajo.<br \/><br \/>Las estad\u00edsticas recientes demuestran un notable \u00e9xito en las campa\u00f1as de prevenci\u00f3n del dengue. La implementaci\u00f3n de jornadas de limpieza y fumigaci\u00f3n ha sido fundamental para reducir la poblaci\u00f3n de mosquitos, vectores de la enfermedad. Adem\u00e1s, la promoci\u00f3n de pr\u00e1cticas de saneamiento en las comunidades ha empoderado a los ciudadanos en la lucha contra esta enfermedad.<br \/><br \/>El Dr. Atallah ha dejado claro que su misi\u00f3n va m\u00e1s all\u00e1 de combatir el dengue. Ha enfatizado la necesidad de un cambio verdadero en el sistema de salud de la Rep\u00fablica Dominicana, con el apoyo del presidente Luis Abinader. Este enfoque hol\u00edstico busca no solo erradicar el dengue, sino tambi\u00e9n fortalecer la infraestructura de salud del pa\u00eds.<br \/><br \/>Las iniciativas del Ministerio de Salud incluyen campa\u00f1as de educaci\u00f3n que buscan informar a la poblaci\u00f3n sobre la prevenci\u00f3n del dengue y otras enfermedades. La difusi\u00f3n de mensajes sobre la importancia de eliminar criaderos de mosquitos y la identificaci\u00f3n temprana de s\u00edntomas es crucial para la salud p\u00fablica.<br \/><br \/>Asimismo, se han implementado medidas para contrarrestar otros virus gripales que afectan a la poblaci\u00f3n dominicana. La salud integral es una prioridad, y el gobierno est\u00e1 tomando acciones para garantizar el bienestar de todos los ciudadanos. Este esfuerzo coordinado refleja un compromiso genuino con la salud p\u00fablica.<br \/><br \/>La participaci\u00f3n comunitaria es otro componente esencial en la estrategia del Dr. Atallah. Involucrar a l\u00edderes comunitarios y organizaciones locales ha permitido que el mensaje de prevenci\u00f3n llegue a todos los rincones del pa\u00eds. La educaci\u00f3n y la conciencia son herramientas poderosas en la lucha contra el dengue.<br \/><br \/>A medida que la Rep\u00fablica Dominicana se posiciona como l\u00edder regional en la lucha contra el dengue, es fundamental mantener el impulso. La vigilancia constante, la inversi\u00f3n en salud y la educaci\u00f3n continua son claves para consolidar los avances logrados. La colaboraci\u00f3n entre el gobierno, la comunidad y los organismos internacionales ser\u00e1 crucial.<br \/><br \/>En resumen, la Rep\u00fablica Dominicana, bajo el liderazgo del Dr. V\u00edctor Atallah, ha dado pasos significativos en la lucha contra el dengue. Con un enfoque integral y un compromiso firme con la salud p\u00fablica, el pa\u00eds se est\u00e1 posicionando no solo para combatir el dengue, sino para transformar su sistema de salud en beneficio de todos los dominicanos. Ganemosle al dengue, pero tambi\u00e9n construyamos un futuro m\u00e1s saludable para nuestra naci\u00f3n.<\/p>\r\n","protected":false},"excerpt":{"rendered":"<p>Durante a\u00f1os, la Rep\u00fablica Dominicana enfrent\u00f3 desaf\u00edos significativos en la lucha contra el dengue. Las epidemias recurrentes y el impacto en la salud p\u00fablica generaron preocupaci\u00f3n entre la poblaci\u00f3n y las autoridades. Sin embargo, la llegada del Dr. V\u00edctor Atallah como Ministro de Salud P\u00fablica marc\u00f3 un punto de inflexi\u00f3n en esta batalla. Desde su [&hellip;]<\/p>\n","protected":false},"author":10,"featured_media":2354,"comment_status":"open","ping_status":"open","sticky":false,"template":"","format":"standard","meta":{"om_disable_all_campaigns":false,"_monsterinsights_skip_tracking":false,"_monsterinsights_sitenote_active":false,"_monsterinsights_sitenote_note":"","_monsterinsights_sitenote_category":0,"footnotes":""},"categories":[1],"tags":[161],"class_list":{"0":"post-2344","1":"post","2":"type-post","3":"status-publish","4":"format-standard","5":"has-post-thumbnail","7":"category-nacionales","8":"tag-victor-atallah"},"aioseo_notices":[],"_links":{"self":[{"href":"https:\/\/periodicolarepublica.com\/index.php\/wp-json\/wp\/v2\/posts\/2344","targetHints":{"allow":["GET"]}}],"collection":[{"href":"https:\/\/periodicolarepublica.com\/index.php\/wp-json\/wp\/v2\/posts"}],"about":[{"href":"https:\/\/periodicolarepublica.com\/index.php\/wp-json\/wp\/v2\/types\/post"}],"author":[{"embeddable":true,"href":"https:\/\/periodicolarepublica.com\/index.php\/wp-json\/wp\/v2\/users\/10"}],"replies":[{"embeddable":true,"href":"https:\/\/periodicolarepublica.com\/index.php\/wp-json\/wp\/v2\/comments?post=2344"}],"version-history":[{"count":2,"href":"https:\/\/periodicolarepublica.com\/index.php\/wp-json\/wp\/v2\/posts\/2344\/revisions"}],"predecessor-version":[{"id":2355,"href":"https:\/\/periodicolarepublica.com\/index.php\/wp-json\/wp\/v2\/posts\/2344\/revisions\/2355"}],"wp:featuredmedia":[{"embeddable":true,"href":"https:\/\/periodicolarepublica.com\/index.php\/wp-json\/wp\/v2\/media\/2354"}],"wp:attachment":[{"href":"https:\/\/periodicolarepublica.com\/index.php\/wp-json\/wp\/v2\/media?parent=2344"}],"wp:term":[{"taxonomy":"category","embeddable":true,"href":"https:\/\/periodicolarepublica.com\/index.php\/wp-json\/wp\/v2\/categories?post=2344"},{"taxonomy":"post_tag","embeddable":true,"href":"https:\/\/periodicolarepublica.com\/index.php\/wp-json\/wp\/v2\/tags?post=2344"}],"curies":[{"name":"wp","href":"https:\/\/api.w.org\/{rel}","templated":true}]}}