{"id":2346,"date":"2024-12-13T04:57:12","date_gmt":"2024-12-13T03:57:12","guid":{"rendered":"https:\/\/periodicolarepublica.com\/?p=2346"},"modified":"2024-12-13T04:57:12","modified_gmt":"2024-12-13T03:57:12","slug":"carolina-mejia-organiza-gran-show-navideno-para-ninos-de-capotillo-las-canitas-y-simon-bolivar","status":"publish","type":"post","link":"https:\/\/periodicolarepublica.com\/index.php\/2024\/12\/13\/carolina-mejia-organiza-gran-show-navideno-para-ninos-de-capotillo-las-canitas-y-simon-bolivar\/","title":{"rendered":"Carolina Mej\u00eda organiza gran show navide\u00f1o para ni\u00f1os de Capotillo, Las Ca\u00f1itas y Sim\u00f3n Bol\u00edvar"},"content":{"rendered":"<p>Santo Domingo, DN &#8211; La alcaldesa Carolina Mej\u00eda encabez\u00f3 el gran show navide\u00f1o que ofreci\u00f3 la Alcald\u00eda del Distrito Nacional en el parque Iberoam\u00e9rica para ni\u00f1os de los sectores de Capotillo, Ensanche Sim\u00f3n Bol\u00edvar, Las Ca\u00f1itas y de la Escuela Conrado Mieses.<\/p>\n<p>El espect\u00e1culo se realiz\u00f3 en el Anfiteatro Nuryn Sanlley del referido parque, donde los ni\u00f1os estaban acompa\u00f1ados de sus familiares y amigos disfrutando. Adem\u00e1s, asisti\u00f3 el p\u00fablico en general que se sinti\u00f3 atra\u00eddo por el anunciado show de la alcald\u00eda.<\/p>\n<p>Carolina Mej\u00eda comparti\u00f3 con mucha alegr\u00eda y optimismo con los presentes y les dese\u00f3 unas felices fiestas y un pr\u00f3spero a\u00f1o nuevo.<\/p>\n<p>\u201cYo le doy las gracias por estar aqu\u00ed esta noche y le pido a pap\u00e1 Dios que nos bendiga a todos y que nos permita tener una Navidad en familia, disfrutando con toda nuestra gente querida en estos d\u00edas especiales y pidi\u00e9ndole al Se\u00f1or que renueve en nosotros las esperanzas y la fe por un 2025 m\u00e1s pr\u00f3spero, que nos bendiga con salud\u201d, expres\u00f3 la alcaldesa.<\/p>\n<p>El Show M\u00e1gico de la Ciudad deleit\u00f3 a todos con la interpretaci\u00f3n de diversos personajes que transportaron a los presentes a sus a\u00f1os de infancia.<\/p>\n<p>Los personajes infantiles se hicieron acompa\u00f1ar por Santa Claus, quien contagi\u00f3 a los asistentes con su popular risa, al momento de desearles una feliz Navidad.<\/p>\n<p>Esta actividad se desarroll\u00f3 gracias al patrocinio de Santo Domingo, Claro, Propagas, Banco Popular, McDonald\u2019s y Dominicana de Seguros.<\/p>\n<p>Adem\u00e1s, estuvo presente el coro Armon\u00eda, interpretando diversos temas navide\u00f1os cargados de alegr\u00eda, y los Duendes Ecol\u00f3gicos de Propagas, con vestimenta brillante y sus originales coreograf\u00edas.<\/p>\n<p>\u00abGracias, gracias a todos por acompa\u00f1arnos en esta bella noche\u00bb, dijo Mej\u00eda en sus palabras de despedida.<\/p>\n<p>Los ni\u00f1os presentes tambi\u00e9n disfrutaron de pintacaritas, manualidades, juegos inflables, as\u00ed como tambi\u00e9n palomitas de ma\u00edz, algod\u00f3n dulce y bebidas refrescantes.<\/p>\n<p>En los stands navide\u00f1os del parque Iberoam\u00e9rica se incluyeron estaciones para que los asistentes captaran el momento con bellas fotograf\u00edas.<\/p>\n<p>El show cerr\u00f3 con fuegos artificiales, una lluvia de confeti, baile de los ni\u00f1os con los personajes y fotos junto a la alcaldesa Mej\u00eda.<\/p>\n<p>Actividades durante las festividades<\/p>\n<p>Bajo las instrucciones de la ejecutiva municipal, el cabildo ha estado realizando encendido de luces navide\u00f1as en calles, avenidas y parques remozados para el disfrute y deleite de los ciudadanos.<\/p>\n<p>La alcaldesa tambi\u00e9n ha encabezado aguinaldos en Villa Francisca, Villa Juana, la Urbanizaci\u00f3n Fern\u00e1ndez, entre otros. Estos aguinaldos se suman a las actividades que se realizan en el parque tem\u00e1tico y la estaci\u00f3n de bomberos infantil que tiene el cabildo en Villa Navidad, en el Centro Ol\u00edmpico.<\/p>\n<p><img loading=\"lazy\" decoding=\"async\" class=\"alignnone size-medium wp-image-2347\" src=\"https:\/\/periodicolarepublica.com\/wp-content\/uploads\/2024\/12\/IMG-20241212-WA0025-300x200.jpg\" alt=\"\" width=\"300\" height=\"200\" srcset=\"https:\/\/periodicolarepublica.com\/wp-content\/uploads\/2024\/12\/IMG-20241212-WA0025-300x200.jpg?v=1734062096 300w, https:\/\/periodicolarepublica.com\/wp-content\/uploads\/2024\/12\/IMG-20241212-WA0025-1024x682.jpg?v=1734062096 1024w, https:\/\/periodicolarepublica.com\/wp-content\/uploads\/2024\/12\/IMG-20241212-WA0025-768x512.jpg?v=1734062096 768w, https:\/\/periodicolarepublica.com\/wp-content\/uploads\/2024\/12\/IMG-20241212-WA0025-1536x1023.jpg?v=1734062096 1536w, https:\/\/periodicolarepublica.com\/wp-content\/uploads\/2024\/12\/IMG-20241212-WA0025-150x100.jpg?v=1734062096 150w, https:\/\/periodicolarepublica.com\/wp-content\/uploads\/2024\/12\/IMG-20241212-WA0025-600x400.jpg?v=1734062096 600w, https:\/\/periodicolarepublica.com\/wp-content\/uploads\/2024\/12\/IMG-20241212-WA0025-696x464.jpg?v=1734062096 696w, https:\/\/periodicolarepublica.com\/wp-content\/uploads\/2024\/12\/IMG-20241212-WA0025-1392x927.jpg?v=1734062096 1392w, https:\/\/periodicolarepublica.com\/wp-content\/uploads\/2024\/12\/IMG-20241212-WA0025-1068x712.jpg?v=1734062096 1068w, https:\/\/periodicolarepublica.com\/wp-content\/uploads\/2024\/12\/IMG-20241212-WA0025.jpg?v=1734062096 1600w\" sizes=\"auto, (max-width: 300px) 100vw, 300px\" \/><\/p>\n","protected":false},"excerpt":{"rendered":"<p>Santo Domingo, DN &#8211; La alcaldesa Carolina Mej\u00eda encabez\u00f3 el gran show navide\u00f1o que ofreci\u00f3 la Alcald\u00eda del Distrito Nacional en el parque Iberoam\u00e9rica para ni\u00f1os de los sectores de Capotillo, Ensanche Sim\u00f3n Bol\u00edvar, Las Ca\u00f1itas y de la Escuela Conrado Mieses. El espect\u00e1culo se realiz\u00f3 en el Anfiteatro Nuryn Sanlley del referido parque, donde [&hellip;]<\/p>\n","protected":false},"author":6,"featured_media":2347,"comment_status":"open","ping_status":"open","sticky":false,"template":"","format":"standard","meta":{"om_disable_all_campaigns":false,"_monsterinsights_skip_tracking":false,"_monsterinsights_sitenote_active":false,"_monsterinsights_sitenote_note":"","_monsterinsights_sitenote_category":0,"footnotes":""},"categories":[1],"tags":[],"class_list":{"0":"post-2346","1":"post","2":"type-post","3":"status-publish","4":"format-standard","5":"has-post-thumbnail","7":"category-nacionales"},"aioseo_notices":[],"_links":{"self":[{"href":"https:\/\/periodicolarepublica.com\/index.php\/wp-json\/wp\/v2\/posts\/2346","targetHints":{"allow":["GET"]}}],"collection":[{"href":"https:\/\/periodicolarepublica.com\/index.php\/wp-json\/wp\/v2\/posts"}],"about":[{"href":"https:\/\/periodicolarepublica.com\/index.php\/wp-json\/wp\/v2\/types\/post"}],"author":[{"embeddable":true,"href":"https:\/\/periodicolarepublica.com\/index.php\/wp-json\/wp\/v2\/users\/6"}],"replies":[{"embeddable":true,"href":"https:\/\/periodicolarepublica.com\/index.php\/wp-json\/wp\/v2\/comments?post=2346"}],"version-history":[{"count":1,"href":"https:\/\/periodicolarepublica.com\/index.php\/wp-json\/wp\/v2\/posts\/2346\/revisions"}],"predecessor-version":[{"id":2348,"href":"https:\/\/periodicolarepublica.com\/index.php\/wp-json\/wp\/v2\/posts\/2346\/revisions\/2348"}],"wp:featuredmedia":[{"embeddable":true,"href":"https:\/\/periodicolarepublica.com\/index.php\/wp-json\/wp\/v2\/media\/2347"}],"wp:attachment":[{"href":"https:\/\/periodicolarepublica.com\/index.php\/wp-json\/wp\/v2\/media?parent=2346"}],"wp:term":[{"taxonomy":"category","embeddable":true,"href":"https:\/\/periodicolarepublica.com\/index.php\/wp-json\/wp\/v2\/categories?post=2346"},{"taxonomy":"post_tag","embeddable":true,"href":"https:\/\/periodicolarepublica.com\/index.php\/wp-json\/wp\/v2\/tags?post=2346"}],"curies":[{"name":"wp","href":"https:\/\/api.w.org\/{rel}","templated":true}]}}