{"id":2349,"date":"2024-12-14T03:08:11","date_gmt":"2024-12-14T02:08:11","guid":{"rendered":"https:\/\/periodicolarepublica.com\/?p=2349"},"modified":"2024-12-14T03:08:11","modified_gmt":"2024-12-14T02:08:11","slug":"collado-consigue-50-mil-nuevos-asientos-conectando-a-rd-con-canada-para-2025","status":"publish","type":"post","link":"https:\/\/periodicolarepublica.com\/index.php\/2024\/12\/14\/collado-consigue-50-mil-nuevos-asientos-conectando-a-rd-con-canada-para-2025\/","title":{"rendered":"Collado consigue 50 mil nuevos asientos conectando a RD con Canad\u00e1 para 2025"},"content":{"rendered":"<p>Collado consigue 50 mil nuevos asientos conectando a RD con Canad\u00e1 para 2025.<\/p>\n<p>Montreal, Canad\u00e1. &#8211; El ministro de Turismo, David Collado, anunci\u00f3 a trav\u00e9s de sus redes sociales que logr\u00f3 concretar acuerdos con varias l\u00edneas a\u00e9reas de Canad\u00e1 las cuales aportar\u00e1n un total de 50 mil asientos adicionales en las diferentes rutas que operan conectando ese pa\u00eds con Rep\u00fablica Dominicana.<\/p>\n<p>Seg\u00fan se indic\u00f3, la aerol\u00ednea Air Transat estar\u00e1 abriendo 4 nuevas rutas, que conectar\u00e1n Canad\u00e1 con Punta Cana, Saman\u00e1, Puerto Plata y La Romana durante la temporada alta de 2025, lo que aumentar\u00e1 la conectividad de ciudades canadienses con dominicanas, con 15,500 asientos adicionales.<\/p>\n<p>De igual forma se inform\u00f3 que la l\u00ednea a\u00e9rea Sunwing agregar\u00e1 7 frecuencias durante la temporada alta, lo que agregar\u00e1 casi 30 mil nuevos asientos<\/p>\n<p><img loading=\"lazy\" decoding=\"async\" class=\"alignnone size-medium wp-image-2350\" src=\"https:\/\/periodicolarepublica.com\/wp-content\/uploads\/2024\/12\/canada-flight800x400-300x150.jpg\" alt=\"\" width=\"300\" height=\"150\" \/><\/p>\n","protected":false},"excerpt":{"rendered":"<p>Collado consigue 50 mil nuevos asientos conectando a RD con Canad\u00e1 para 2025. Montreal, Canad\u00e1. &#8211; El ministro de Turismo, David Collado, anunci\u00f3 a trav\u00e9s de sus redes sociales que logr\u00f3 concretar acuerdos con varias l\u00edneas a\u00e9reas de Canad\u00e1 las cuales aportar\u00e1n un total de 50 mil asientos adicionales en las diferentes rutas que operan [&hellip;]<\/p>\n","protected":false},"author":6,"featured_media":0,"comment_status":"open","ping_status":"open","sticky":false,"template":"","format":"standard","meta":{"om_disable_all_campaigns":false,"_monsterinsights_skip_tracking":false,"_monsterinsights_sitenote_active":false,"_monsterinsights_sitenote_note":"","_monsterinsights_sitenote_category":0,"footnotes":""},"categories":[1,20],"tags":[342,30,343],"class_list":{"0":"post-2349","1":"post","2":"type-post","3":"status-publish","4":"format-standard","6":"category-nacionales","7":"category-turismo","8":"tag-canada","9":"tag-david-collado","10":"tag-toronto"},"aioseo_notices":[],"_links":{"self":[{"href":"https:\/\/periodicolarepublica.com\/index.php\/wp-json\/wp\/v2\/posts\/2349","targetHints":{"allow":["GET"]}}],"collection":[{"href":"https:\/\/periodicolarepublica.com\/index.php\/wp-json\/wp\/v2\/posts"}],"about":[{"href":"https:\/\/periodicolarepublica.com\/index.php\/wp-json\/wp\/v2\/types\/post"}],"author":[{"embeddable":true,"href":"https:\/\/periodicolarepublica.com\/index.php\/wp-json\/wp\/v2\/users\/6"}],"replies":[{"embeddable":true,"href":"https:\/\/periodicolarepublica.com\/index.php\/wp-json\/wp\/v2\/comments?post=2349"}],"version-history":[{"count":1,"href":"https:\/\/periodicolarepublica.com\/index.php\/wp-json\/wp\/v2\/posts\/2349\/revisions"}],"predecessor-version":[{"id":2351,"href":"https:\/\/periodicolarepublica.com\/index.php\/wp-json\/wp\/v2\/posts\/2349\/revisions\/2351"}],"wp:attachment":[{"href":"https:\/\/periodicolarepublica.com\/index.php\/wp-json\/wp\/v2\/media?parent=2349"}],"wp:term":[{"taxonomy":"category","embeddable":true,"href":"https:\/\/periodicolarepublica.com\/index.php\/wp-json\/wp\/v2\/categories?post=2349"},{"taxonomy":"post_tag","embeddable":true,"href":"https:\/\/periodicolarepublica.com\/index.php\/wp-json\/wp\/v2\/tags?post=2349"}],"curies":[{"name":"wp","href":"https:\/\/api.w.org\/{rel}","templated":true}]}}