{"id":2353,"date":"2024-12-16T16:46:21","date_gmt":"2024-12-16T15:46:21","guid":{"rendered":"https:\/\/periodicolarepublica.com\/?p=2353"},"modified":"2024-12-16T16:46:21","modified_gmt":"2024-12-16T15:46:21","slug":"defensa-jhonny-portorreal-denuncia-ministerio-publico-viola-derechos-de-su-cliente","status":"publish","type":"post","link":"https:\/\/periodicolarepublica.com\/index.php\/2024\/12\/16\/defensa-jhonny-portorreal-denuncia-ministerio-publico-viola-derechos-de-su-cliente\/","title":{"rendered":"Defensa Jhonny Portorreal denuncia Ministerio P\u00fablico viola derechos de su cliente"},"content":{"rendered":"\r\n<p><img loading=\"lazy\" decoding=\"async\" class=\"size-medium wp-image-2361 alignright\" src=\"https:\/\/periodicolarepublica.com\/wp-content\/uploads\/2024\/12\/IMG-20241216-WA0037-300x135.jpg\" alt=\"\" width=\"300\" height=\"135\" \/>Santo Domingo, RD.- La defensa jur\u00eddica de Jhonny Portorreal, condenado por presunto fraude a la familia Rosario, denunci\u00f3 que la magistrada y el propio Ministerio P\u00fablico violan los derechos de su cliente en el proceso que le sigue. <br \/><br \/><br \/>Dijo que muestran falta de inter\u00e9s en fijar una fecha para conocer un recurso de apelaci\u00f3n para exponer los pormenores del caso tras la sentencia de la magistrada Clara Luz Almonte de la Segunda Sala Penal del Distrito Nacional, en la que se conden\u00f3 a Portorreal a cinco a\u00f1os de prisi\u00f3n en el centro de correcci\u00f3n y rehabilitaci\u00f3n Najayo Hombre. <br \/><br \/>El grupo de abogados afirma que los argumentos utilizados para sostener la codena por presunta estafa a cientos de personas de apellido Rosario, carecen de veracidad, debido a que el fallo se bas\u00f3 en las observaciones del Ministerios P\u00fablico. <br \/><br \/>Destacan que en la condena contra Jhonny Portorreal, el Ministerio P\u00fablico tambi\u00e9n lo acuso de violaci\u00f3n a las ley 631-16 sobre armas de fuego, cuando no present\u00f3 un arma de fuego decomisada al acusado. <br \/><br \/>Lament\u00f3 que a su cliente lo declararon culpable de estafa, sin realmente probar en que consisti\u00f3 la misma. Aclara que lo que en realidad realiz\u00f3 la Central del Derecho liderada por Portorreal, fue cobros por acciones puramente administrativas pertenecientes a una oficina privada y que ofrece los servicios legales. <br \/><br \/>Destac\u00f3 que en ese proceso incurri\u00f3 en gastos, consumos de material gastable y de oficina en su domicilio profesional todo en representaci\u00f3n legalmente de m\u00e1s de 42 mil familias. <br \/><br \/>La firma de representaci\u00f3n del Portorreal reiter\u00f3 que el Ministerio P\u00fablico viola el debido proceso, debido a que en los allanamientos no se encontr\u00f3 armas de fuego y pertrechos en el domicilio del profesional del derecho, uno de los delitos de los que les acusan. <br \/><br \/>En tal sentido, denunci\u00f3 que la magistrada Clara Luz Almonte con su sentencia viola el derecho de presunci\u00f3n de inocencia, debido a que no admiti\u00f3 que en medio del proceso fueran depositadas certificaciones del Ministerio de Interior y Polic\u00eda, que sostienen que Portorreal es portador de una licencia para porte y tenencia de armas de fuego. <br \/><br \/>Por lo que entienden que la magistrada tom\u00f3 posiciones de arbitrariedad ante sus acusaciones y lo sentenci\u00f3 en un ama\u00f1ado proceso. <br \/><br \/>De igual forma, ponder\u00f3 que Portorreal hab\u00eda cumplido m\u00e1s del tiempo privado de su libertad que la pena correccional que le cab\u00eda por la supuesta estafa. <br \/><br \/>Asimismo, aseguran que la privaci\u00f3n de libertad de Portorreal de 71 a\u00f1os es violatoria a la Constituci\u00f3n, al derecho procesal, al C\u00f3digo Penal vigente en el pa\u00eds y a todas las normas y reglamentos jur\u00eddicos. <br \/><br \/>El grupo de abogados afirma que, con el tiempo procesal cumplido ya es tiempo de que el Ministerio P\u00fablico fije una fecha para el conocimiento del recurso de apelaci\u00f3n interpuesto en tiempo h\u00e1bil por sus abogados. <br \/><br \/>Se recuerda que la Segunda Sala Penal del Distrito Nacional conden\u00f3 a cinco a\u00f1os de prisi\u00f3n al abogado Johnny Portorreal y a dos a\u00f1os de reclusi\u00f3n a Miguelina Santana, por la estafa a personas de apellido Rosario. <br \/><br \/>Portorreal prometi\u00f3 recuperar una herencia de 13 trillones de euros que ten\u00edan depositada en un banco en el extranjero por un pariente lejano de apellido Rosario.<\/p>\r\n","protected":false},"excerpt":{"rendered":"<p>Santo Domingo, RD.- La defensa jur\u00eddica de Jhonny Portorreal, condenado por presunto fraude a la familia Rosario, denunci\u00f3 que la magistrada y el propio Ministerio P\u00fablico violan los derechos de su cliente en el proceso que le sigue. Dijo que muestran falta de inter\u00e9s en fijar una fecha para conocer un recurso de apelaci\u00f3n para [&hellip;]<\/p>\n","protected":false},"author":10,"featured_media":0,"comment_status":"open","ping_status":"open","sticky":false,"template":"","format":"standard","meta":{"om_disable_all_campaigns":false,"_monsterinsights_skip_tracking":false,"_monsterinsights_sitenote_active":false,"_monsterinsights_sitenote_note":"","_monsterinsights_sitenote_category":0,"footnotes":""},"categories":[1],"tags":[],"class_list":{"0":"post-2353","1":"post","2":"type-post","3":"status-publish","4":"format-standard","6":"category-nacionales"},"aioseo_notices":[],"_links":{"self":[{"href":"https:\/\/periodicolarepublica.com\/index.php\/wp-json\/wp\/v2\/posts\/2353","targetHints":{"allow":["GET"]}}],"collection":[{"href":"https:\/\/periodicolarepublica.com\/index.php\/wp-json\/wp\/v2\/posts"}],"about":[{"href":"https:\/\/periodicolarepublica.com\/index.php\/wp-json\/wp\/v2\/types\/post"}],"author":[{"embeddable":true,"href":"https:\/\/periodicolarepublica.com\/index.php\/wp-json\/wp\/v2\/users\/10"}],"replies":[{"embeddable":true,"href":"https:\/\/periodicolarepublica.com\/index.php\/wp-json\/wp\/v2\/comments?post=2353"}],"version-history":[{"count":2,"href":"https:\/\/periodicolarepublica.com\/index.php\/wp-json\/wp\/v2\/posts\/2353\/revisions"}],"predecessor-version":[{"id":2362,"href":"https:\/\/periodicolarepublica.com\/index.php\/wp-json\/wp\/v2\/posts\/2353\/revisions\/2362"}],"wp:attachment":[{"href":"https:\/\/periodicolarepublica.com\/index.php\/wp-json\/wp\/v2\/media?parent=2353"}],"wp:term":[{"taxonomy":"category","embeddable":true,"href":"https:\/\/periodicolarepublica.com\/index.php\/wp-json\/wp\/v2\/categories?post=2353"},{"taxonomy":"post_tag","embeddable":true,"href":"https:\/\/periodicolarepublica.com\/index.php\/wp-json\/wp\/v2\/tags?post=2353"}],"curies":[{"name":"wp","href":"https:\/\/api.w.org\/{rel}","templated":true}]}}