{"id":2360,"date":"2024-12-18T17:11:12","date_gmt":"2024-12-18T16:11:12","guid":{"rendered":"https:\/\/periodicolarepublica.com\/?p=2360"},"modified":"2024-12-18T17:11:12","modified_gmt":"2024-12-18T16:11:12","slug":"tomas-hernandez-alberto-respalda-la-propuesta-de-jose-ignacio-paliza-sobre-luis-abinader","status":"publish","type":"post","link":"https:\/\/periodicolarepublica.com\/index.php\/2024\/12\/18\/tomas-hernandez-alberto-respalda-la-propuesta-de-jose-ignacio-paliza-sobre-luis-abinader\/","title":{"rendered":"Tom\u00e1s Hern\u00e1ndez Alberto respalda la propuesta de Jos\u00e9 Ignacio Paliza sobre Luis Abinader"},"content":{"rendered":"\r\n<p><img loading=\"lazy\" decoding=\"async\" class=\"size-medium wp-image-2275 alignright\" src=\"https:\/\/periodicolarepublica.com\/wp-content\/uploads\/2024\/12\/20241205_074205-300x173.jpg\" alt=\"\" width=\"300\" height=\"173\" srcset=\"https:\/\/periodicolarepublica.com\/wp-content\/uploads\/2024\/12\/20241205_074205-300x173.jpg?v=1733399760 300w, https:\/\/periodicolarepublica.com\/wp-content\/uploads\/2024\/12\/20241205_074205-150x86.jpg?v=1733399760 150w, https:\/\/periodicolarepublica.com\/wp-content\/uploads\/2024\/12\/20241205_074205-600x346.jpg?v=1733399760 600w, https:\/\/periodicolarepublica.com\/wp-content\/uploads\/2024\/12\/20241205_074205-696x401.jpg?v=1733399760 696w, https:\/\/periodicolarepublica.com\/wp-content\/uploads\/2024\/12\/20241205_074205.jpg?v=1733399760 720w\" sizes=\"auto, (max-width: 300px) 100vw, 300px\" \/>[Santo Domingo, Rep\u00fablica Dominicana] \u2014 El ingeniero Tom\u00e1s Hern\u00e1ndez Alberto, presidente del Movimiento Poder P&#8217;AL Pueblo, ha expresado su firme apoyo a las declaraciones de Jos\u00e9 Ignacio Paliza, presidente del Partido Revolucionario Moderno (PRM), quien sugiri\u00f3 que el presidente Luis Abinader deber\u00eda asumir la presidencia de dicha organizaci\u00f3n.<br \/><br \/>En sus declaraciones, Hern\u00e1ndez Alberto enfatiz\u00f3 que \u00abLuis Abinader es un l\u00edder excepcional capaz de mantener la unidad dentro del PRM y guiarlo hacia las mejores batallas electorales que se avecinan\u00bb. Su liderazgo, seg\u00fan Hern\u00e1ndez Alberto, es fundamental para enfrentar los retos pol\u00edticos y sociales del pa\u00eds.<br \/><br \/>El respaldo del Movimiento Poder P&#8217;AL Pueblo a esta propuesta subraya la importancia de la cohesi\u00f3n y la estrategia dentro del partido, as\u00ed como la necesidad de un liderazgo fuerte y visionario en el contexto actual.<\/p>\r\n","protected":false},"excerpt":{"rendered":"<p>[Santo Domingo, Rep\u00fablica Dominicana] \u2014 El ingeniero Tom\u00e1s Hern\u00e1ndez Alberto, presidente del Movimiento Poder P&#8217;AL Pueblo, ha expresado su firme apoyo a las declaraciones de Jos\u00e9 Ignacio Paliza, presidente del Partido Revolucionario Moderno (PRM), quien sugiri\u00f3 que el presidente Luis Abinader deber\u00eda asumir la presidencia de dicha organizaci\u00f3n. En sus declaraciones, Hern\u00e1ndez Alberto enfatiz\u00f3 que [&hellip;]<\/p>\n","protected":false},"author":10,"featured_media":2275,"comment_status":"open","ping_status":"open","sticky":false,"template":"","format":"standard","meta":{"om_disable_all_campaigns":false,"_monsterinsights_skip_tracking":false,"_monsterinsights_sitenote_active":false,"_monsterinsights_sitenote_note":"","_monsterinsights_sitenote_category":0,"footnotes":""},"categories":[1],"tags":[163],"class_list":{"0":"post-2360","1":"post","2":"type-post","3":"status-publish","4":"format-standard","5":"has-post-thumbnail","7":"category-nacionales","8":"tag-tomas-hernandez-alberto"},"aioseo_notices":[],"_links":{"self":[{"href":"https:\/\/periodicolarepublica.com\/index.php\/wp-json\/wp\/v2\/posts\/2360","targetHints":{"allow":["GET"]}}],"collection":[{"href":"https:\/\/periodicolarepublica.com\/index.php\/wp-json\/wp\/v2\/posts"}],"about":[{"href":"https:\/\/periodicolarepublica.com\/index.php\/wp-json\/wp\/v2\/types\/post"}],"author":[{"embeddable":true,"href":"https:\/\/periodicolarepublica.com\/index.php\/wp-json\/wp\/v2\/users\/10"}],"replies":[{"embeddable":true,"href":"https:\/\/periodicolarepublica.com\/index.php\/wp-json\/wp\/v2\/comments?post=2360"}],"version-history":[{"count":2,"href":"https:\/\/periodicolarepublica.com\/index.php\/wp-json\/wp\/v2\/posts\/2360\/revisions"}],"predecessor-version":[{"id":2377,"href":"https:\/\/periodicolarepublica.com\/index.php\/wp-json\/wp\/v2\/posts\/2360\/revisions\/2377"}],"wp:featuredmedia":[{"embeddable":true,"href":"https:\/\/periodicolarepublica.com\/index.php\/wp-json\/wp\/v2\/media\/2275"}],"wp:attachment":[{"href":"https:\/\/periodicolarepublica.com\/index.php\/wp-json\/wp\/v2\/media?parent=2360"}],"wp:term":[{"taxonomy":"category","embeddable":true,"href":"https:\/\/periodicolarepublica.com\/index.php\/wp-json\/wp\/v2\/categories?post=2360"},{"taxonomy":"post_tag","embeddable":true,"href":"https:\/\/periodicolarepublica.com\/index.php\/wp-json\/wp\/v2\/tags?post=2360"}],"curies":[{"name":"wp","href":"https:\/\/api.w.org\/{rel}","templated":true}]}}