{"id":2364,"date":"2024-12-16T18:40:36","date_gmt":"2024-12-16T17:40:36","guid":{"rendered":"https:\/\/periodicolarepublica.com\/?p=2364"},"modified":"2024-12-16T18:40:36","modified_gmt":"2024-12-16T17:40:36","slug":"arajet-transporta-en-noviembre-la-cifra-mas-alta-de-pasajeros-de-su-historia","status":"publish","type":"post","link":"https:\/\/periodicolarepublica.com\/index.php\/2024\/12\/16\/arajet-transporta-en-noviembre-la-cifra-mas-alta-de-pasajeros-de-su-historia\/","title":{"rendered":"Arajet transporta en noviembre la cifra m\u00e1s alta de pasajeros de su historia"},"content":{"rendered":"<p style=\"text-align: left;\">Arajet transporta en noviembre la cifra m\u00e1s alta de pasajeros de su historia<\/p>\n<p>Arajet super\u00f3 en noviembre el mill\u00f3n de pasajeros en 2024, siendo la primera aerol\u00ednea dominicana que transporte m\u00e1s de un mill\u00f3n de personas en un a\u00f1o<\/p>\n<p>Santo Domingo. \u2013 Arajet, la l\u00ednea a\u00e9rea dominicana de precios bajos inform\u00f3 que durante el mes de noviembre transport\u00f3 96,586 pasajeros convirti\u00e9ndose en el mes m\u00e1s activo del 2024 para la aerol\u00ednea movilizando el 7% de los viajeros que entraron o salieron del pa\u00eds. Adem\u00e1s, el pasado mes Arajet consigui\u00f3 superar el mill\u00f3n de pasajeros en 2024, siendo la primera aerol\u00ednea dominicana que transporta este n\u00famero de pasajeros en un a\u00f1o.<\/p>\n<p>Estas cifras son parte del informe de la Junta de Aviaci\u00f3n Civil (JAC) que arrojan informaci\u00f3n que proyectan a Arajet como la aerol\u00ednea dominicana m\u00e1s activa con un notable crecimiento a partir de inicio de sus operaciones en el Aeropuerto de Punta Cana y esperan que se incremente en el mes de diciembre.<\/p>\n<p>M\u00e1s de 25,000 pasajeros de conexiones sobrepasan los 120,000 usuarios siendo la aerol\u00ednea dominicana con mayor movimiento de vuelos desde los distintos aeropuertos del pa\u00eds.<\/p>\n<p>&nbsp;<\/p>\n<p>Victor Pacheco M\u00e9ndez, CEO &amp; Fundador de Arajet, expres\u00f3 su agradecimiento a los pasajeros que han preferido a la aerol\u00ednea como su mejor opci\u00f3n para sus viajes de turismo o negocios y que la han convertido en la cuarta l\u00ednea a\u00e9rea de mayor movimiento en la Rep\u00fablica Dominicana.<\/p>\n<p><img loading=\"lazy\" decoding=\"async\" class=\"alignnone size-medium wp-image-2109\" src=\"https:\/\/periodicolarepublica.com\/wp-content\/uploads\/2024\/11\/Boeing_737_Max_-_HI1101_-_Arajet-300x200.jpg\" alt=\"\" width=\"300\" height=\"200\" srcset=\"https:\/\/periodicolarepublica.com\/wp-content\/uploads\/2024\/11\/Boeing_737_Max_-_HI1101_-_Arajet-300x200.jpg?v=1731517413 300w, https:\/\/periodicolarepublica.com\/wp-content\/uploads\/2024\/11\/Boeing_737_Max_-_HI1101_-_Arajet-1024x683.jpg?v=1731517413 1024w, https:\/\/periodicolarepublica.com\/wp-content\/uploads\/2024\/11\/Boeing_737_Max_-_HI1101_-_Arajet-768x512.jpg?v=1731517413 768w, https:\/\/periodicolarepublica.com\/wp-content\/uploads\/2024\/11\/Boeing_737_Max_-_HI1101_-_Arajet-150x100.jpg?v=1731517413 150w, https:\/\/periodicolarepublica.com\/wp-content\/uploads\/2024\/11\/Boeing_737_Max_-_HI1101_-_Arajet-600x400.jpg?v=1731517413 600w, https:\/\/periodicolarepublica.com\/wp-content\/uploads\/2024\/11\/Boeing_737_Max_-_HI1101_-_Arajet-696x464.jpg?v=1731517413 696w, https:\/\/periodicolarepublica.com\/wp-content\/uploads\/2024\/11\/Boeing_737_Max_-_HI1101_-_Arajet-1068x712.jpg?v=1731517413 1068w, https:\/\/periodicolarepublica.com\/wp-content\/uploads\/2024\/11\/Boeing_737_Max_-_HI1101_-_Arajet.jpg?v=1731517413 1200w\" sizes=\"auto, (max-width: 300px) 100vw, 300px\" \/><\/p>\n<p>&nbsp;<\/p>\n<p>\u201cArajet continuar\u00e1 ofreciendo las tarifas m\u00e1s bajas del mercado y un servicio de calidad con los m\u00e1s altos est\u00e1ndares para lograr posicionar al pa\u00eds como un hub a\u00e9reo de la regi\u00f3n y fortalecer la industria tur\u00edstica local\u201d, indic\u00f3 Pacheco.<\/p>\n","protected":false},"excerpt":{"rendered":"<p>Arajet transporta en noviembre la cifra m\u00e1s alta de pasajeros de su historia Arajet super\u00f3 en noviembre el mill\u00f3n de pasajeros en 2024, siendo la primera aerol\u00ednea dominicana que transporte m\u00e1s de un mill\u00f3n de personas en un a\u00f1o Santo Domingo. \u2013 Arajet, la l\u00ednea a\u00e9rea dominicana de precios bajos inform\u00f3 que durante el mes [&hellip;]<\/p>\n","protected":false},"author":6,"featured_media":2109,"comment_status":"open","ping_status":"open","sticky":false,"template":"","format":"standard","meta":{"om_disable_all_campaigns":false,"_monsterinsights_skip_tracking":false,"_monsterinsights_sitenote_active":false,"_monsterinsights_sitenote_note":"","_monsterinsights_sitenote_category":0,"footnotes":""},"categories":[1,20],"tags":[104,288,106,184],"class_list":{"0":"post-2364","1":"post","2":"type-post","3":"status-publish","4":"format-standard","5":"has-post-thumbnail","7":"category-nacionales","8":"category-turismo","9":"tag-arajet","10":"tag-arajet-com","11":"tag-boletos-aereos","12":"tag-precios-bajos"},"aioseo_notices":[],"_links":{"self":[{"href":"https:\/\/periodicolarepublica.com\/index.php\/wp-json\/wp\/v2\/posts\/2364","targetHints":{"allow":["GET"]}}],"collection":[{"href":"https:\/\/periodicolarepublica.com\/index.php\/wp-json\/wp\/v2\/posts"}],"about":[{"href":"https:\/\/periodicolarepublica.com\/index.php\/wp-json\/wp\/v2\/types\/post"}],"author":[{"embeddable":true,"href":"https:\/\/periodicolarepublica.com\/index.php\/wp-json\/wp\/v2\/users\/6"}],"replies":[{"embeddable":true,"href":"https:\/\/periodicolarepublica.com\/index.php\/wp-json\/wp\/v2\/comments?post=2364"}],"version-history":[{"count":1,"href":"https:\/\/periodicolarepublica.com\/index.php\/wp-json\/wp\/v2\/posts\/2364\/revisions"}],"predecessor-version":[{"id":2365,"href":"https:\/\/periodicolarepublica.com\/index.php\/wp-json\/wp\/v2\/posts\/2364\/revisions\/2365"}],"wp:featuredmedia":[{"embeddable":true,"href":"https:\/\/periodicolarepublica.com\/index.php\/wp-json\/wp\/v2\/media\/2109"}],"wp:attachment":[{"href":"https:\/\/periodicolarepublica.com\/index.php\/wp-json\/wp\/v2\/media?parent=2364"}],"wp:term":[{"taxonomy":"category","embeddable":true,"href":"https:\/\/periodicolarepublica.com\/index.php\/wp-json\/wp\/v2\/categories?post=2364"},{"taxonomy":"post_tag","embeddable":true,"href":"https:\/\/periodicolarepublica.com\/index.php\/wp-json\/wp\/v2\/tags?post=2364"}],"curies":[{"name":"wp","href":"https:\/\/api.w.org\/{rel}","templated":true}]}}