{"id":2367,"date":"2024-12-17T04:34:03","date_gmt":"2024-12-17T03:34:03","guid":{"rendered":"https:\/\/periodicolarepublica.com\/?p=2367"},"modified":"2024-12-17T04:34:03","modified_gmt":"2024-12-17T03:34:03","slug":"condecoracion-pro-ecclesia-et-pontifice-a-dona-juana-josefina-dominguez-de-jesus","status":"publish","type":"post","link":"https:\/\/periodicolarepublica.com\/index.php\/2024\/12\/17\/condecoracion-pro-ecclesia-et-pontifice-a-dona-juana-josefina-dominguez-de-jesus\/","title":{"rendered":"Condecoraci\u00f3n \u00abPro Ecclesia et Pontifice\u00bb a Do\u00f1a Juana Josefina Dom\u00ednguez de Jes\u00fas"},"content":{"rendered":"<p>Santo Domingo, 15 de diciembre de 2024.- En una solemne ceremonia celebrada el pasado domingo 15 de diciembre en la Nunciatura Apost\u00f3lica de Santo Domingo, S.E. Do\u00f1a Juana Josefina Dom\u00ednguez de Jes\u00fas fue condecorada con la medalla \u00abPro Ecclesia et Pontifice\u00bb, la m\u00e1s alta distinci\u00f3n otorgada por Su Santidad el Papa Francisco.<\/p>\n<p>La condecoraci\u00f3n fue entregada por Monse\u00f1or Jean Mendes, Secretario de la Nunciatura Apost\u00f3lica, quien destac\u00f3 el invaluable aporte de Do\u00f1a Juana Josefina a la Iglesia Cat\u00f3lica y su labor diplom\u00e1tica como representante de la Rep\u00fablica Dominicana ante la Santa Sede. \u00abDo\u00f1a Josefina Dom\u00ednguez ha sido una destacada diplom\u00e1tica dominicana ante la Santa Sede por muchos a\u00f1os, realizando grandes aportes a la iglesia cat\u00f3lica. En la actualidad, es la Delegada Magistral de la Orden Ecuestre del Santo Sepulcro de Jerusal\u00e9n y Dama del Santo Padre\u00bb, expres\u00f3 Monse\u00f1or Mendes, quien tambi\u00e9n resalt\u00f3 que la ceremonia se celebr\u00f3 en un ambiente de total intimidad, a solicitud expresa de la condecorada, destacando as\u00ed su humildad cristiana.<\/p>\n<p>La emotiva ceremonia cont\u00f3 con la presencia de familiares, amigos y colegas diplom\u00e1ticos, quienes acompa\u00f1aron a Do\u00f1a Josefina en este momento tan significativo.<\/p>\n<p>En sus palabras de agradecimiento, Do\u00f1a Josefina expres\u00f3 su profundo honor por recibir tan distinguida condecoraci\u00f3n. Resalt\u00f3 su compromiso con la Madre Iglesia y su labor como Dama de Su Santidad, reafirmando su dedicaci\u00f3n y servicio al Papa y a la comunidad cat\u00f3lica.<\/p>\n<p>Esta distinci\u00f3n subraya el continuo compromiso de S.E. Do\u00f1a Juana Josefina Dom\u00ednguez con la Iglesia Cat\u00f3lica y con la diplomacia internacional, reconociendo su incansable trabajo en pro del bien com\u00fan y el fortalecimiento de los lazos entre la Rep\u00fablica Dominicana y la Santa Sede.<\/p>\n<p><img loading=\"lazy\" decoding=\"async\" class=\"alignnone size-medium wp-image-2368\" src=\"https:\/\/periodicolarepublica.com\/wp-content\/uploads\/2024\/12\/IMG_20241216_233135-300x209.jpg\" alt=\"\" width=\"300\" height=\"209\" \/><\/p>\n","protected":false},"excerpt":{"rendered":"<p>Santo Domingo, 15 de diciembre de 2024.- En una solemne ceremonia celebrada el pasado domingo 15 de diciembre en la Nunciatura Apost\u00f3lica de Santo Domingo, S.E. Do\u00f1a Juana Josefina Dom\u00ednguez de Jes\u00fas fue condecorada con la medalla \u00abPro Ecclesia et Pontifice\u00bb, la m\u00e1s alta distinci\u00f3n otorgada por Su Santidad el Papa Francisco. La condecoraci\u00f3n fue [&hellip;]<\/p>\n","protected":false},"author":6,"featured_media":0,"comment_status":"open","ping_status":"open","sticky":false,"template":"","format":"standard","meta":{"om_disable_all_campaigns":false,"_monsterinsights_skip_tracking":false,"_monsterinsights_sitenote_active":false,"_monsterinsights_sitenote_note":"","_monsterinsights_sitenote_category":0,"footnotes":""},"categories":[1],"tags":[],"class_list":{"0":"post-2367","1":"post","2":"type-post","3":"status-publish","4":"format-standard","6":"category-nacionales"},"aioseo_notices":[],"_links":{"self":[{"href":"https:\/\/periodicolarepublica.com\/index.php\/wp-json\/wp\/v2\/posts\/2367","targetHints":{"allow":["GET"]}}],"collection":[{"href":"https:\/\/periodicolarepublica.com\/index.php\/wp-json\/wp\/v2\/posts"}],"about":[{"href":"https:\/\/periodicolarepublica.com\/index.php\/wp-json\/wp\/v2\/types\/post"}],"author":[{"embeddable":true,"href":"https:\/\/periodicolarepublica.com\/index.php\/wp-json\/wp\/v2\/users\/6"}],"replies":[{"embeddable":true,"href":"https:\/\/periodicolarepublica.com\/index.php\/wp-json\/wp\/v2\/comments?post=2367"}],"version-history":[{"count":1,"href":"https:\/\/periodicolarepublica.com\/index.php\/wp-json\/wp\/v2\/posts\/2367\/revisions"}],"predecessor-version":[{"id":2369,"href":"https:\/\/periodicolarepublica.com\/index.php\/wp-json\/wp\/v2\/posts\/2367\/revisions\/2369"}],"wp:attachment":[{"href":"https:\/\/periodicolarepublica.com\/index.php\/wp-json\/wp\/v2\/media?parent=2367"}],"wp:term":[{"taxonomy":"category","embeddable":true,"href":"https:\/\/periodicolarepublica.com\/index.php\/wp-json\/wp\/v2\/categories?post=2367"},{"taxonomy":"post_tag","embeddable":true,"href":"https:\/\/periodicolarepublica.com\/index.php\/wp-json\/wp\/v2\/tags?post=2367"}],"curies":[{"name":"wp","href":"https:\/\/api.w.org\/{rel}","templated":true}]}}