{"id":2371,"date":"2024-12-18T01:36:32","date_gmt":"2024-12-18T00:36:32","guid":{"rendered":"https:\/\/periodicolarepublica.com\/?p=2371"},"modified":"2024-12-18T01:36:32","modified_gmt":"2024-12-18T00:36:32","slug":"empresario-luis-beltre-denuncia-teme-por-su-vida-y-la-de-su-familia-ante-la-temeridad-de-abogados-empecinados-con-despojarlo-de-patrimonio","status":"publish","type":"post","link":"https:\/\/periodicolarepublica.com\/index.php\/2024\/12\/18\/empresario-luis-beltre-denuncia-teme-por-su-vida-y-la-de-su-familia-ante-la-temeridad-de-abogados-empecinados-con-despojarlo-de-patrimonio\/","title":{"rendered":"Empresario Luis Beltr\u00e9 denuncia teme por su vida y la de su familia ante la temeridad de abogados empecinados con despojarlo de patrimonio"},"content":{"rendered":"<p>Empresario Luis Beltr\u00e9 denuncia teme por su vida y la de su familia ante la temeridad de abogados empecinados con despojarlo de patrimonio<\/p>\n<p>Santo Domingo.- El empresario Luis Beltr\u00e9, propietario de Estaciones y Empresas de Combustibles (ESTRACOM), hizo un llamado p\u00fablico al presidente Luis Abinader, y a las autoridades judiciales para que se investigue a fondo y se haga justicia frente a lo que calific\u00f3 como un intento de despojo de su patrimonio, fruto de m\u00e1s de 50 a\u00f1os de trabajo honrado.<\/p>\n<p>&nbsp;<\/p>\n<p>Beltr\u00e9 denunci\u00f3 adem\u00e1s que teme por su vida y la de su familia ante la tenacidad de la mafia de los abogados Johnny de Rosa Hiciano y el ex fiscal Gregory Castellanos, quienes, seg\u00fan afirm\u00f3, operan con \u201csombras oscuras\u201d y cuyo objetivo es apoderarse de sus bienes.<\/p>\n<p>&nbsp;<\/p>\n<p>Esta situaci\u00f3n, se\u00f1al\u00f3, le ha generado una constante amenaza y le ha impedido vivir con tranquilidad durante la \u00faltima d\u00e9cada.<\/p>\n<p>&nbsp;<\/p>\n<p>Explic\u00f3 que los citados abogados pretenden, \u201cmediante una extorsi\u00f3n judicial, con un proceso de cobro de una deuda inexistente para lo cual ha interpuesto demanda querella y todo tipo de acciones abusivas\u201d.<\/p>\n<p>&nbsp;<\/p>\n<p>En ese sentido Beltr\u00e9 expuso que \u201cPor m\u00e1s de 10 a\u00f1os han recurrido a todo tipo de amenazas, intimidaci\u00f3n con accionar que evidencia un atentado a la justicia dominicana\u201d.<\/p>\n<p>&nbsp;<\/p>\n<p>\u00abHe acudido, se\u00f1or Presidente, a todas las instancias, incluso a la Presidencia del Senado y a la Procuradur\u00eda General de la Rep\u00fablica. Lo \u00fanico que pido es que se haga justicia, que se investigue el expediente y que se esclarezca todo\u201d, expres\u00f3 con firmeza el empresario.<\/p>\n<p>&nbsp;<\/p>\n<p>Seg\u00fan Beltr\u00e9, cuenta con la documentaci\u00f3n necesaria para respaldar sus denuncias y asegur\u00f3 que su caso ha sido objeto de manipulaciones en los tribunales, con el prop\u00f3sito de alterar los expedientes y ocultar pruebas que podr\u00edan incriminar a los responsables.<\/p>\n<p>&nbsp;<\/p>\n<p>El empresario acus\u00f3 directamente a los abogados Johnny de la Rosa Hiciano y al ex fiscal Gregory Castellanos de ser los cabecillas de esta supuesta red.<\/p>\n<p>&nbsp;<\/p>\n<p>En su declaraci\u00f3n, el empresario enfatiz\u00f3 su compromiso con el pa\u00eds, recordando su trayectoria como empleador y contribuyente.<\/p>\n<p>\u00abHe trabajado para construir una empresa que genera empleos y aporta millones de pesos en impuestos al gobierno dominicano. Lo \u00fanico que pido es que se haga justicia para proteger lo que con tanto sacrificio he construido\u201d, puntualiz\u00f3.<\/p>\n<p><img loading=\"lazy\" decoding=\"async\" class=\"alignnone size-medium wp-image-2372\" src=\"https:\/\/periodicolarepublica.com\/wp-content\/uploads\/2024\/12\/IMG-20241217-WA0060-300x200.jpg\" alt=\"\" width=\"300\" height=\"200\" \/><\/p>\n","protected":false},"excerpt":{"rendered":"<p>Empresario Luis Beltr\u00e9 denuncia teme por su vida y la de su familia ante la temeridad de abogados empecinados con despojarlo de patrimonio Santo Domingo.- El empresario Luis Beltr\u00e9, propietario de Estaciones y Empresas de Combustibles (ESTRACOM), hizo un llamado p\u00fablico al presidente Luis Abinader, y a las autoridades judiciales para que se investigue a [&hellip;]<\/p>\n","protected":false},"author":6,"featured_media":0,"comment_status":"open","ping_status":"open","sticky":false,"template":"","format":"standard","meta":{"om_disable_all_campaigns":false,"_monsterinsights_skip_tracking":false,"_monsterinsights_sitenote_active":false,"_monsterinsights_sitenote_note":"","_monsterinsights_sitenote_category":0,"footnotes":""},"categories":[1],"tags":[],"class_list":{"0":"post-2371","1":"post","2":"type-post","3":"status-publish","4":"format-standard","6":"category-nacionales"},"aioseo_notices":[],"_links":{"self":[{"href":"https:\/\/periodicolarepublica.com\/index.php\/wp-json\/wp\/v2\/posts\/2371","targetHints":{"allow":["GET"]}}],"collection":[{"href":"https:\/\/periodicolarepublica.com\/index.php\/wp-json\/wp\/v2\/posts"}],"about":[{"href":"https:\/\/periodicolarepublica.com\/index.php\/wp-json\/wp\/v2\/types\/post"}],"author":[{"embeddable":true,"href":"https:\/\/periodicolarepublica.com\/index.php\/wp-json\/wp\/v2\/users\/6"}],"replies":[{"embeddable":true,"href":"https:\/\/periodicolarepublica.com\/index.php\/wp-json\/wp\/v2\/comments?post=2371"}],"version-history":[{"count":1,"href":"https:\/\/periodicolarepublica.com\/index.php\/wp-json\/wp\/v2\/posts\/2371\/revisions"}],"predecessor-version":[{"id":2373,"href":"https:\/\/periodicolarepublica.com\/index.php\/wp-json\/wp\/v2\/posts\/2371\/revisions\/2373"}],"wp:attachment":[{"href":"https:\/\/periodicolarepublica.com\/index.php\/wp-json\/wp\/v2\/media?parent=2371"}],"wp:term":[{"taxonomy":"category","embeddable":true,"href":"https:\/\/periodicolarepublica.com\/index.php\/wp-json\/wp\/v2\/categories?post=2371"},{"taxonomy":"post_tag","embeddable":true,"href":"https:\/\/periodicolarepublica.com\/index.php\/wp-json\/wp\/v2\/tags?post=2371"}],"curies":[{"name":"wp","href":"https:\/\/api.w.org\/{rel}","templated":true}]}}