{"id":2376,"date":"2024-12-18T21:16:10","date_gmt":"2024-12-18T20:16:10","guid":{"rendered":"https:\/\/periodicolarepublica.com\/?p=2376"},"modified":"2024-12-18T21:16:10","modified_gmt":"2024-12-18T20:16:10","slug":"dr-victor-atallah-queremos-construir-salas-de-lactancia-en-todas-las-instituciones-publicas","status":"publish","type":"post","link":"https:\/\/periodicolarepublica.com\/index.php\/2024\/12\/18\/dr-victor-atallah-queremos-construir-salas-de-lactancia-en-todas-las-instituciones-publicas\/","title":{"rendered":"Dr. Victor Atallah: \u00abQueremos construir salas de lactancia en todas las instituciones p\u00fablicas"},"content":{"rendered":"\r\n<p>Ministro de Salud destaca la importancia de lactar a los infantes para fortalecer su sistema inmunol\u00f3gico<br \/><br \/>SANTO DOMINGO. &#8211; El ministro de Salud P\u00fablica, V\u00edctor Atallah encabez\u00f3 la reuni\u00f3n ordinaria de la Comisi\u00f3n Nacional de Lactancia Materna, donde resalt\u00f3 la importancia de lactar a los infantes para fortalecer su sistema inmunol\u00f3gico y dijo que aumentar\u00e1n las \u201cSalas Amigas de la Lactancia Materna \u201ca fin de incrementar los indicadores de infantes amamantados en el pa\u00eds. <\/p>\r\n<p>En el encuentro fueron presentados los informes correspondientes a las acciones ejecutadas en el periodo 2023-2024.<\/p>\r\n<p>Atallah destac\u00f3 la importancia de la lactancia materna en el desarrollo y crecimiento de los infantes y calific\u00f3 este acto como una muestra de amor y responsabilidad.<\/p>\r\n<p>Agreg\u00f3 que se est\u00e1n haciendo los aprestos para que en conjunto con el Ministerio de Viviendas y Edificaciones (Mived), se construyan m\u00e1s Salas Amigas de Lactancia y para que esta instituci\u00f3n forme parte, en lo adelante, de la Comisi\u00f3n.<\/p>\r\n<p><img loading=\"lazy\" decoding=\"async\" class=\"size-medium wp-image-2380 alignright\" src=\"https:\/\/periodicolarepublica.com\/wp-content\/uploads\/2024\/12\/IMG-20241218-WA0079-300x194.jpg\" alt=\"\" width=\"300\" height=\"194\" \/>\u00abNosotros queremos construir salas de lactancia materna en todas las instituciones p\u00fablicas y eso es algo importante que veremos c\u00f3mo lo trabajamos, a fin de aumentar el porcentaje de ni\u00f1os y ni\u00f1as lactados de manera exclusiva en el pa\u00eds\u201d expres\u00f3 el titular de Salud. <\/p>\r\n<p>Asimismo, destac\u00f3 que se debe fomentar la lactancia materna ya que a trav\u00e9s de esta se pueden cambiar los \u00edndices de salud del pa\u00eds.<br \/>Durante la reuni\u00f3n, Clavel S\u00e1nchez, secretaria ejecutiva de la Comisi\u00f3n, resalt\u00f3 el apoyo recibido de diversas instituciones que se han integrado para promover la importancia de la lactancia.<br \/>Los miembros de la Comisi\u00f3n recibieron informes de seguimiento a los acuerdos emanado de reuniones anteriores <\/p>\r\n<p>Entre las instituciones que apoyan estas iniciativas, destacan: el Instituto Nacional de Atenci\u00f3n Integral a la Primera Infancia (Inaipi), Polic\u00eda Nacional, las alcald\u00edas, Banco de Reservas, el Instituto Nacional de Aguas Potables y Alcantarillado (Inapa) entre otros.<\/p>\r\n<p>Los organismos miembros de la Comisi\u00f3n coincidieron en se\u00f1alar la importancia de promocionar la lactancia materna y los retos que se deben asumir para el a\u00f1o venidero para alcanzar las metas propuestas.<\/p>\r\n","protected":false},"excerpt":{"rendered":"<p>Ministro de Salud destaca la importancia de lactar a los infantes para fortalecer su sistema inmunol\u00f3gico SANTO DOMINGO. &#8211; El ministro de Salud P\u00fablica, V\u00edctor Atallah encabez\u00f3 la reuni\u00f3n ordinaria de la Comisi\u00f3n Nacional de Lactancia Materna, donde resalt\u00f3 la importancia de lactar a los infantes para fortalecer su sistema inmunol\u00f3gico y dijo que aumentar\u00e1n [&hellip;]<\/p>\n","protected":false},"author":10,"featured_media":0,"comment_status":"open","ping_status":"open","sticky":false,"template":"","format":"standard","meta":{"om_disable_all_campaigns":false,"_monsterinsights_skip_tracking":false,"_monsterinsights_sitenote_active":false,"_monsterinsights_sitenote_note":"","_monsterinsights_sitenote_category":0,"footnotes":""},"categories":[1],"tags":[],"class_list":{"0":"post-2376","1":"post","2":"type-post","3":"status-publish","4":"format-standard","6":"category-nacionales"},"aioseo_notices":[],"_links":{"self":[{"href":"https:\/\/periodicolarepublica.com\/index.php\/wp-json\/wp\/v2\/posts\/2376","targetHints":{"allow":["GET"]}}],"collection":[{"href":"https:\/\/periodicolarepublica.com\/index.php\/wp-json\/wp\/v2\/posts"}],"about":[{"href":"https:\/\/periodicolarepublica.com\/index.php\/wp-json\/wp\/v2\/types\/post"}],"author":[{"embeddable":true,"href":"https:\/\/periodicolarepublica.com\/index.php\/wp-json\/wp\/v2\/users\/10"}],"replies":[{"embeddable":true,"href":"https:\/\/periodicolarepublica.com\/index.php\/wp-json\/wp\/v2\/comments?post=2376"}],"version-history":[{"count":2,"href":"https:\/\/periodicolarepublica.com\/index.php\/wp-json\/wp\/v2\/posts\/2376\/revisions"}],"predecessor-version":[{"id":2381,"href":"https:\/\/periodicolarepublica.com\/index.php\/wp-json\/wp\/v2\/posts\/2376\/revisions\/2381"}],"wp:attachment":[{"href":"https:\/\/periodicolarepublica.com\/index.php\/wp-json\/wp\/v2\/media?parent=2376"}],"wp:term":[{"taxonomy":"category","embeddable":true,"href":"https:\/\/periodicolarepublica.com\/index.php\/wp-json\/wp\/v2\/categories?post=2376"},{"taxonomy":"post_tag","embeddable":true,"href":"https:\/\/periodicolarepublica.com\/index.php\/wp-json\/wp\/v2\/tags?post=2376"}],"curies":[{"name":"wp","href":"https:\/\/api.w.org\/{rel}","templated":true}]}}