{"id":2386,"date":"2024-12-20T15:07:52","date_gmt":"2024-12-20T14:07:52","guid":{"rendered":"https:\/\/periodicolarepublica.com\/?p=2386"},"modified":"2024-12-20T15:07:52","modified_gmt":"2024-12-20T14:07:52","slug":"mived-alcanza-cifra-historica-de-mas-de-9000-viviendas-construidas-y-entregadas","status":"publish","type":"post","link":"https:\/\/periodicolarepublica.com\/index.php\/2024\/12\/20\/mived-alcanza-cifra-historica-de-mas-de-9000-viviendas-construidas-y-entregadas\/","title":{"rendered":"MIVED alcanza cifra hist\u00f3rica de m\u00e1s de 9,000 viviendas construidas y entregadas"},"content":{"rendered":"<p>El Presidente Abinader y el Ministro Bonilla entregaron 266 nuevos apartamentos en San Luis, completando as\u00ed ese proyecto y marcando un hito que ninguna otra administraci\u00f3n hab\u00eda alcanzado.<\/p>\n<p>San Luis, Santo Domingo Este.\u2013 El Ministerio de Vivienda y Edificaciones (MIVED) lleg\u00f3 este jueves a la hist\u00f3rica cifra de m\u00e1s de 9,000 viviendas construidas bajo el Plan Mi Vivienda con la entrega, liderada por el Presidente Luis Abinader y el Ministro Carlos Bonilla, de 266 nuevos apartamentos en San Luis, Santo Domingo Este.<\/p>\n<p>Con el acto realizado este jueves, el MIVED da por entregado el 100 por ciento del proyecto Mi Vivienda San Luis, en el que se construyeron 2,440 nuevas viviendas para igual n\u00famero de familias que pasan a ser propietarias de sus hogares.<\/p>\n<p>Con este acto, ascienden a 9,014 las viviendas entregadas en el Plan Mi Vivienda, un hito que ninguna gesti\u00f3n hab\u00eda alcanzado en un solo proyecto habitacional.<\/p>\n<p>Durante el evento, el Ministro Bonilla recalc\u00f3 que \u201ccomo Ministro de Vivienda, el compromiso es claro: garantizar que los ciudadanos de nuestro pa\u00eds tengan acceso a un hogar digno. Sabemos que la vivienda es un pilar esencial para el desarrollo social y econ\u00f3mico de nuestra naci\u00f3n. Por eso, hemos trabajado incansablemente para implementar pol\u00edticas que promuevan la construcci\u00f3n de viviendas asequibles, que respondan a las necesidades de nuestras comunidades\u201d.<\/p>\n<p>En este proyecto se invirtieron RD$7,172 millones, creando m\u00e1s de 5,400 empleos directos e indirectos que dinamizaron la econom\u00eda de esa demarcaci\u00f3n de Santo Domingo Este.<\/p>\n<p>La familia Dur\u00e1n, una de las 266 familias beneficiadas este jueves con la entrega de su apartamento, agradeci\u00f3 al Presidente Abinader por la oportunidad de acceder a un techo propio.<\/p>\n<p>El desarrollo urban\u00edstico se divide en tres fases en las que se han construido apartamentos de 3 y 2 habitaciones. San Luis I cuenta con 1,416 apartamentos; San Luis II con 696 unidades; y San Luis III con 328.<\/p>\n<p>Adem\u00e1s de los edificios habitacionales, el complejo cuenta con 27,675 metros cuadrados de \u00e1reas verdes, zonas de recreaci\u00f3n y de juegos, espacio institucional, cancha de baloncesto y estacionamiento, adem\u00e1s de parqueos para carros y motores.<\/p>\n<p>Adem\u00e1s de San Luis, el Ministerio de Vivienda y Edificaciones ya ha completado los proyectos de Mi Vivienda Ciudad Modelo y Mi Vivienda Colinas del Arroyo II en Santo Domingo Norte; Mi Vivienda Hato Nuevo en Santo Domingo Oeste; Mi Vivienda Los Salados y Mi Vivienda La Barranquita en Santiago; igualmente ha realizado entregas de viviendas bajo el plan Mi Vivienda en Los Llanos, en San Pedro de Macor\u00eds; Villa Progreso, Bahoruco; Las Matas de Farf\u00e1n, San Juan; Santa Cruz, Montecristi; Santiago Rodr\u00edguez y Mi Vivienda Los Nova en San Crist\u00f3bal.<\/p>\n<p>Adicionalmente, la entidad contin\u00faa entregando unidades en el proyecto Mi Vivienda Hato del Yaque, Santiago, el cual se encuentra en 74% de ejecuci\u00f3n.<\/p>\n<p>Acompa\u00f1aron al Presidente Abinader y al Ministro Bonilla: la gobernadora de la provincia Santo Domingo, Lucrecia Santana Leyva; el senador de Santo Domingo, Antonio Taveras Guzm\u00e1n; el alcalde de Santo Domingo Este, Dio Astacio; la directora de la Junta Municipal de San Luis, Wendy Cepeda; los diputados Yancarlos Simanca, Altagracia de los Santos y Nayi F\u00e9liz; Jos\u00e9 Ram\u00f3n Holgu\u00edn, rector del Instituto T\u00e9cnico Superior Comunitario; Alexis Jim\u00e9nez, viceministro de la Presidencia; Rodolfo Valera, director general de Embellecimiento de Carreteras y Avenidas; y el p\u00e1rroco Juan Jos\u00e9 Silva, de la Parroquia San Luis, Rey de Francia.<\/p>\n<p><img loading=\"lazy\" decoding=\"async\" class=\"alignnone size-medium wp-image-2387\" src=\"https:\/\/periodicolarepublica.com\/wp-content\/uploads\/2024\/12\/IMG-20241220-WA0004-300x200.jpg\" alt=\"\" width=\"300\" height=\"200\" \/><\/p>\n","protected":false},"excerpt":{"rendered":"<p>El Presidente Abinader y el Ministro Bonilla entregaron 266 nuevos apartamentos en San Luis, completando as\u00ed ese proyecto y marcando un hito que ninguna otra administraci\u00f3n hab\u00eda alcanzado. San Luis, Santo Domingo Este.\u2013 El Ministerio de Vivienda y Edificaciones (MIVED) lleg\u00f3 este jueves a la hist\u00f3rica cifra de m\u00e1s de 9,000 viviendas construidas bajo el [&hellip;]<\/p>\n","protected":false},"author":6,"featured_media":0,"comment_status":"open","ping_status":"open","sticky":false,"template":"","format":"standard","meta":{"om_disable_all_campaigns":false,"_monsterinsights_skip_tracking":false,"_monsterinsights_sitenote_active":false,"_monsterinsights_sitenote_note":"","_monsterinsights_sitenote_category":0,"footnotes":""},"categories":[1],"tags":[],"class_list":{"0":"post-2386","1":"post","2":"type-post","3":"status-publish","4":"format-standard","6":"category-nacionales"},"aioseo_notices":[],"_links":{"self":[{"href":"https:\/\/periodicolarepublica.com\/index.php\/wp-json\/wp\/v2\/posts\/2386","targetHints":{"allow":["GET"]}}],"collection":[{"href":"https:\/\/periodicolarepublica.com\/index.php\/wp-json\/wp\/v2\/posts"}],"about":[{"href":"https:\/\/periodicolarepublica.com\/index.php\/wp-json\/wp\/v2\/types\/post"}],"author":[{"embeddable":true,"href":"https:\/\/periodicolarepublica.com\/index.php\/wp-json\/wp\/v2\/users\/6"}],"replies":[{"embeddable":true,"href":"https:\/\/periodicolarepublica.com\/index.php\/wp-json\/wp\/v2\/comments?post=2386"}],"version-history":[{"count":1,"href":"https:\/\/periodicolarepublica.com\/index.php\/wp-json\/wp\/v2\/posts\/2386\/revisions"}],"predecessor-version":[{"id":2388,"href":"https:\/\/periodicolarepublica.com\/index.php\/wp-json\/wp\/v2\/posts\/2386\/revisions\/2388"}],"wp:attachment":[{"href":"https:\/\/periodicolarepublica.com\/index.php\/wp-json\/wp\/v2\/media?parent=2386"}],"wp:term":[{"taxonomy":"category","embeddable":true,"href":"https:\/\/periodicolarepublica.com\/index.php\/wp-json\/wp\/v2\/categories?post=2386"},{"taxonomy":"post_tag","embeddable":true,"href":"https:\/\/periodicolarepublica.com\/index.php\/wp-json\/wp\/v2\/tags?post=2386"}],"curies":[{"name":"wp","href":"https:\/\/api.w.org\/{rel}","templated":true}]}}