{"id":2390,"date":"2024-12-23T17:59:10","date_gmt":"2024-12-23T16:59:10","guid":{"rendered":"https:\/\/periodicolarepublica.com\/?p=2390"},"modified":"2024-12-23T17:59:10","modified_gmt":"2024-12-23T16:59:10","slug":"ministerio-de-salud-exhorta-moderacion-en-las-festividades-de-nochebuena-y-navidad","status":"publish","type":"post","link":"https:\/\/periodicolarepublica.com\/index.php\/2024\/12\/23\/ministerio-de-salud-exhorta-moderacion-en-las-festividades-de-nochebuena-y-navidad\/","title":{"rendered":"Ministerio de Salud exhorta moderaci\u00f3n en las festividades de Nochebuena y Navidad"},"content":{"rendered":"\r\n<p><img loading=\"lazy\" decoding=\"async\" class=\"size-medium wp-image-1580 alignright\" src=\"https:\/\/periodicolarepublica.com\/wp-content\/uploads\/2024\/08\/IMG-20240828-WA0019-300x200.jpg\" alt=\"\" width=\"300\" height=\"200\" srcset=\"https:\/\/periodicolarepublica.com\/wp-content\/uploads\/2024\/08\/IMG-20240828-WA0019-300x200.jpg?v=1724860798 300w, https:\/\/periodicolarepublica.com\/wp-content\/uploads\/2024\/08\/IMG-20240828-WA0019-1024x682.jpg?v=1724860798 1024w, https:\/\/periodicolarepublica.com\/wp-content\/uploads\/2024\/08\/IMG-20240828-WA0019-768x512.jpg?v=1724860798 768w, https:\/\/periodicolarepublica.com\/wp-content\/uploads\/2024\/08\/IMG-20240828-WA0019-1536x1023.jpg?v=1724860798 1536w, https:\/\/periodicolarepublica.com\/wp-content\/uploads\/2024\/08\/IMG-20240828-WA0019-150x100.jpg?v=1724860798 150w, https:\/\/periodicolarepublica.com\/wp-content\/uploads\/2024\/08\/IMG-20240828-WA0019-600x400.jpg?v=1724860798 600w, https:\/\/periodicolarepublica.com\/wp-content\/uploads\/2024\/08\/IMG-20240828-WA0019-696x464.jpg?v=1724860798 696w, https:\/\/periodicolarepublica.com\/wp-content\/uploads\/2024\/08\/IMG-20240828-WA0019-1392x927.jpg?v=1724860798 1392w, https:\/\/periodicolarepublica.com\/wp-content\/uploads\/2024\/08\/IMG-20240828-WA0019-1068x712.jpg?v=1724860798 1068w, https:\/\/periodicolarepublica.com\/wp-content\/uploads\/2024\/08\/IMG-20240828-WA0019.jpg?v=1724860798 1600w\" sizes=\"auto, (max-width: 300px) 100vw, 300px\" \/>Recomienda evitar el consumo excesivo de alcohol y manejar de manera imprudente.<br \/><br \/>*Santo Domingo \u2013* El Ministerio de Salud insta a la poblaci\u00f3n a celebrar las festividades de Nochebuena y Navidad con moderaci\u00f3n, promoviendo la paz, la tranquilidad y la uni\u00f3n familiar.<br \/><br \/>Entre sus recomendaciones, destaca el consumo responsable de bebidas alcoh\u00f3licas y la adopci\u00f3n de conductas prudentes al conducir.<br \/><br \/>La instituci\u00f3n subraya que la moderaci\u00f3n y el control son esenciales para disfrutar de esta temporada sin incidentes traum\u00e1ticos, preservando tanto la salud f\u00edsica como mental. En particular, el MSP hace un llamado a padres, madres y tutores a supervisar estrictamente a los menores de edad, evitando su exposici\u00f3n a bebidas alcoh\u00f3licas, ya que puede tener graves consecuencias para su salud e incluso poner en peligro sus vidas.<br \/><br \/>El ministro de Salud, V\u00edctor Atallah, expres\u00f3 que la Navidad es una \u00e9poca especial para compartir con los seres amados, reflexionar sobre lo que realmente importa, fortalecer los lazos familiares y de amistad, y contribuir a hacer del pa\u00eds una naci\u00f3n m\u00e1s fortalecida.<br \/><br \/>\u201cDesde el Ministerio de Salud, trabajamos siempre con la misma entrega que ustedes ponen en sus hogares, porque compartimos un prop\u00f3sito com\u00fan: construir una Rep\u00fablica Dominicana m\u00e1s saludable. Los invito a celebrar con responsabilidad: eligiendo una alimentaci\u00f3n balanceada, evitando excesos y tomando medidas para protegerse, a ustedes y a sus seres queridos\u201d, manifest\u00f3.<br \/>Impacto del consumo irresponsable.<br \/><br \/>El ministro advirti\u00f3 que, durante las festividades navide\u00f1as, se incrementa el consumo de alcohol, lo cual contribuye a intoxicaciones en menores de edad y accidentes de tr\u00e1nsito, especialmente entre los j\u00f3venes.<br \/><br \/>\u201cEsperamos que este 2024 las familias asuman la responsabilidad de proteger a los ni\u00f1os y ni\u00f1as. Es inaceptable que menores sufran intoxicaciones por alcohol debido a la negligencia de los adultos. La prevenci\u00f3n es clave para evitar tragedias durante las celebraciones\u201d, expres\u00f3.<br \/><br \/>Adem\u00e1s, la instituci\u00f3n alerta sobre los riesgos de la depresi\u00f3n durante esta \u00e9poca, que puede llevar a personas vulnerables a aislarse o intentar atentar contra sus vidas.<br \/><br \/>*Recomendaciones adicionales*<br \/><br \/>El MSP tambi\u00e9n exhorta a quienes toman medicamentos a seguir sus tratamientos correctamente y evitar mezclarlos con alcohol. Asimismo, recuerda a la ciudadan\u00eda que el centro de contacto \u00abCuida tu Salud Mental\u00bb 809-200-1400 est\u00e1 disponible de lunes a domingo de 8:00 a.m a 12 de la medianoche para brindar apoyo, especialmente a las familias que enfrentan situaciones relacionadas con salud mental o consumo de sustancias.<br \/><br \/>*Cena saludable y medidas de higiene*<br \/><br \/>La instituci\u00f3n de Salud, a trav\u00e9s de su Direcci\u00f3n de Nutrici\u00f3n, recomienda mantener estrictas medidas de higiene al preparar los alimentos para la cena de Nochebuena y verificar la frescura y la fecha de vencimiento de los productos, especialmente carnes y alimentos congelados.<br \/><br \/>Sugiere evitar excesos en la comida y optar por preparaciones bajas en grasas, sal y az\u00facares para prevenir problemas como el aumento del colesterol, la diabetes y las intoxicaciones. \u201cEs posible disfrutar de los platos navide\u00f1os con moderaci\u00f3n, eligiendo opciones ligeras y balanceadas que aporten sabor sin comprometer la salud\u201d, indicaron desde el departamento.<br \/><br \/>*Platos tradicionales*<br \/><br \/>El MSP destac\u00f3 que los platos tradicionales dominicanos pueden adaptarse para ser m\u00e1s saludables. Una cena equilibrada debe incluir, al menos, la mitad de ensalada a base de frutas, verduras y legumbres, acompa\u00f1ada de una porci\u00f3n moderada de carnes, pescados o pasteles, y arroz o alternativas similares.<br \/><br \/>Tambi\u00e9n subray\u00f3 la importancia de combatir el sobrepeso y la obesidad mediante la mejora de los h\u00e1bitos alimenticios en el hogar y la pr\u00e1ctica regular de actividad f\u00edsica.<br \/><br \/>*Compromiso con la salud p\u00fablica*<br \/><br \/>Finalmente, el MSP reafirm\u00f3 su compromiso con la vigilancia y la promoci\u00f3n de la salud a trav\u00e9s de sus departamentos de Salud Mental, Nutrici\u00f3n y el Programa de Prevenci\u00f3n de Lesiones y Violencia (PRELVI). Estas \u00e1reas estar\u00e1n disponibles para brindar orientaci\u00f3n y garantizar el bienestar de la poblaci\u00f3n durante las festividades.<\/p>\r\n","protected":false},"excerpt":{"rendered":"<p>Recomienda evitar el consumo excesivo de alcohol y manejar de manera imprudente. *Santo Domingo \u2013* El Ministerio de Salud insta a la poblaci\u00f3n a celebrar las festividades de Nochebuena y Navidad con moderaci\u00f3n, promoviendo la paz, la tranquilidad y la uni\u00f3n familiar. Entre sus recomendaciones, destaca el consumo responsable de bebidas alcoh\u00f3licas y la adopci\u00f3n [&hellip;]<\/p>\n","protected":false},"author":10,"featured_media":1580,"comment_status":"open","ping_status":"open","sticky":false,"template":"","format":"standard","meta":{"om_disable_all_campaigns":false,"_monsterinsights_skip_tracking":false,"_monsterinsights_sitenote_active":false,"_monsterinsights_sitenote_note":"","_monsterinsights_sitenote_category":0,"footnotes":""},"categories":[1],"tags":[159],"class_list":{"0":"post-2390","1":"post","2":"type-post","3":"status-publish","4":"format-standard","5":"has-post-thumbnail","7":"category-nacionales","8":"tag-ministro-de-salud-publica-victor-atallah"},"aioseo_notices":[],"_links":{"self":[{"href":"https:\/\/periodicolarepublica.com\/index.php\/wp-json\/wp\/v2\/posts\/2390","targetHints":{"allow":["GET"]}}],"collection":[{"href":"https:\/\/periodicolarepublica.com\/index.php\/wp-json\/wp\/v2\/posts"}],"about":[{"href":"https:\/\/periodicolarepublica.com\/index.php\/wp-json\/wp\/v2\/types\/post"}],"author":[{"embeddable":true,"href":"https:\/\/periodicolarepublica.com\/index.php\/wp-json\/wp\/v2\/users\/10"}],"replies":[{"embeddable":true,"href":"https:\/\/periodicolarepublica.com\/index.php\/wp-json\/wp\/v2\/comments?post=2390"}],"version-history":[{"count":2,"href":"https:\/\/periodicolarepublica.com\/index.php\/wp-json\/wp\/v2\/posts\/2390\/revisions"}],"predecessor-version":[{"id":2422,"href":"https:\/\/periodicolarepublica.com\/index.php\/wp-json\/wp\/v2\/posts\/2390\/revisions\/2422"}],"wp:featuredmedia":[{"embeddable":true,"href":"https:\/\/periodicolarepublica.com\/index.php\/wp-json\/wp\/v2\/media\/1580"}],"wp:attachment":[{"href":"https:\/\/periodicolarepublica.com\/index.php\/wp-json\/wp\/v2\/media?parent=2390"}],"wp:term":[{"taxonomy":"category","embeddable":true,"href":"https:\/\/periodicolarepublica.com\/index.php\/wp-json\/wp\/v2\/categories?post=2390"},{"taxonomy":"post_tag","embeddable":true,"href":"https:\/\/periodicolarepublica.com\/index.php\/wp-json\/wp\/v2\/tags?post=2390"}],"curies":[{"name":"wp","href":"https:\/\/api.w.org\/{rel}","templated":true}]}}