{"id":240,"date":"2023-12-08T21:14:35","date_gmt":"2023-12-08T20:14:35","guid":{"rendered":"https:\/\/periodicolarepublica.com\/?p=240"},"modified":"2023-12-08T21:23:57","modified_gmt":"2023-12-08T20:23:57","slug":"reconocen-directora-general-negocios-turistico-banreservas","status":"publish","type":"post","link":"https:\/\/periodicolarepublica.com\/index.php\/2023\/12\/08\/reconocen-directora-general-negocios-turistico-banreservas\/","title":{"rendered":"Reconocen Directora General Negocios Tur\u00edstico BANRESERVAS"},"content":{"rendered":"<p><img loading=\"lazy\" decoding=\"async\" class=\"alignnone size-medium wp-image-249 aligncenter\" src=\"https:\/\/periodicolarepublica.com\/wp-content\/uploads\/2023\/12\/Picsart_23-12-08_16-21-11-351-300x228.jpg\" alt=\"\" width=\"300\" height=\"228\" srcset=\"https:\/\/periodicolarepublica.com\/wp-content\/uploads\/2023\/12\/Picsart_23-12-08_16-21-11-351-300x228.jpg?v=1715379845 300w, https:\/\/periodicolarepublica.com\/wp-content\/uploads\/2023\/12\/Picsart_23-12-08_16-21-11-351-1024x777.jpg?v=1715379845 1024w, https:\/\/periodicolarepublica.com\/wp-content\/uploads\/2023\/12\/Picsart_23-12-08_16-21-11-351-768x583.jpg?v=1715379845 768w, https:\/\/periodicolarepublica.com\/wp-content\/uploads\/2023\/12\/Picsart_23-12-08_16-21-11-351-1536x1166.jpg?v=1715379845 1536w, https:\/\/periodicolarepublica.com\/wp-content\/uploads\/2023\/12\/Picsart_23-12-08_16-21-11-351-2048x1555.jpg?v=1715379845 2048w, https:\/\/periodicolarepublica.com\/wp-content\/uploads\/2023\/12\/Picsart_23-12-08_16-21-11-351-150x114.jpg?v=1715379845 150w, https:\/\/periodicolarepublica.com\/wp-content\/uploads\/2023\/12\/Picsart_23-12-08_16-21-11-351-600x456.jpg?v=1715379845 600w, https:\/\/periodicolarepublica.com\/wp-content\/uploads\/2023\/12\/Picsart_23-12-08_16-21-11-351-696x528.jpg?v=1715379845 696w, https:\/\/periodicolarepublica.com\/wp-content\/uploads\/2023\/12\/Picsart_23-12-08_16-21-11-351-1392x1057.jpg?v=1715379845 1392w, https:\/\/periodicolarepublica.com\/wp-content\/uploads\/2023\/12\/Picsart_23-12-08_16-21-11-351-1068x811.jpg?v=1715379845 1068w, https:\/\/periodicolarepublica.com\/wp-content\/uploads\/2023\/12\/Picsart_23-12-08_16-21-11-351-1920x1458.jpg?v=1715379845 1920w\" sizes=\"auto, (max-width: 300px) 100vw, 300px\" \/><\/p>\n<p>Deyanira Pappaterra, Directora General de Negocios Tur\u00edsticos del Banco del Reservas fue reconocida en la categor\u00eda Mayor Crecimiento en Producci\u00f3n 2023, por la filial de la instituci\u00f3n financiera, Seguros Banreservas, debido a sus logros y cumplimientos de objetivos pautados.<\/p>\n","protected":false},"excerpt":{"rendered":"<p>Deyanira Pappaterra, Directora General de Negocios Tur\u00edsticos del Banco del Reservas fue reconocida en la categor\u00eda Mayor Crecimiento en Producci\u00f3n 2023, por la filial de la instituci\u00f3n financiera, Seguros Banreservas, debido a sus logros y cumplimientos de objetivos pautados.<\/p>\n","protected":false},"author":1,"featured_media":249,"comment_status":"open","ping_status":"open","sticky":false,"template":"","format":"standard","meta":{"om_disable_all_campaigns":false,"_monsterinsights_skip_tracking":false,"_monsterinsights_sitenote_active":false,"_monsterinsights_sitenote_note":"","_monsterinsights_sitenote_category":0,"footnotes":""},"categories":[1,20],"tags":[23,9,24,22],"class_list":{"0":"post-240","1":"post","2":"type-post","3":"status-publish","4":"format-standard","5":"has-post-thumbnail","7":"category-nacionales","8":"category-turismo","9":"tag-banco","10":"tag-banreservas","11":"tag-seguros-banreservas","12":"tag-turismo"},"aioseo_notices":[],"_links":{"self":[{"href":"https:\/\/periodicolarepublica.com\/index.php\/wp-json\/wp\/v2\/posts\/240","targetHints":{"allow":["GET"]}}],"collection":[{"href":"https:\/\/periodicolarepublica.com\/index.php\/wp-json\/wp\/v2\/posts"}],"about":[{"href":"https:\/\/periodicolarepublica.com\/index.php\/wp-json\/wp\/v2\/types\/post"}],"author":[{"embeddable":true,"href":"https:\/\/periodicolarepublica.com\/index.php\/wp-json\/wp\/v2\/users\/1"}],"replies":[{"embeddable":true,"href":"https:\/\/periodicolarepublica.com\/index.php\/wp-json\/wp\/v2\/comments?post=240"}],"version-history":[{"count":4,"href":"https:\/\/periodicolarepublica.com\/index.php\/wp-json\/wp\/v2\/posts\/240\/revisions"}],"predecessor-version":[{"id":251,"href":"https:\/\/periodicolarepublica.com\/index.php\/wp-json\/wp\/v2\/posts\/240\/revisions\/251"}],"wp:featuredmedia":[{"embeddable":true,"href":"https:\/\/periodicolarepublica.com\/index.php\/wp-json\/wp\/v2\/media\/249"}],"wp:attachment":[{"href":"https:\/\/periodicolarepublica.com\/index.php\/wp-json\/wp\/v2\/media?parent=240"}],"wp:term":[{"taxonomy":"category","embeddable":true,"href":"https:\/\/periodicolarepublica.com\/index.php\/wp-json\/wp\/v2\/categories?post=240"},{"taxonomy":"post_tag","embeddable":true,"href":"https:\/\/periodicolarepublica.com\/index.php\/wp-json\/wp\/v2\/tags?post=240"}],"curies":[{"name":"wp","href":"https:\/\/api.w.org\/{rel}","templated":true}]}}