{"id":2401,"date":"2024-12-22T10:05:10","date_gmt":"2024-12-22T09:05:10","guid":{"rendered":"https:\/\/periodicolarepublica.com\/?p=2401"},"modified":"2024-12-22T10:05:10","modified_gmt":"2024-12-22T09:05:10","slug":"informe-tv-celebra-encuentro-navideno-por-todo-lo-alto-2","status":"publish","type":"post","link":"https:\/\/periodicolarepublica.com\/index.php\/2024\/12\/22\/informe-tv-celebra-encuentro-navideno-por-todo-lo-alto-2\/","title":{"rendered":"Informe TV Celebra Encuentro Navide\u00f1o por todo lo alto."},"content":{"rendered":"<p>En un ambiente festivo y lleno de camarader\u00eda, Informe TV, la plataforma digital dirigida por el abogado y comunicador Mauricio Carpio, celebr\u00f3 su encuentro navide\u00f1o en el encantador entorno de Los Mogotes. Este evento reuni\u00f3 a destacados colegas de la comunicaci\u00f3n, l\u00edderes pol\u00edticos y personalidades del \u00e1mbito local, quienes compartieron un agradable momento marcado por la reflexi\u00f3n y el compromiso de seguir un periodismo de calidad.<\/p>\n<p>Mauricio Carpio, al frente de este proyecto de comunicaci\u00f3n, aprovech\u00f3 la oportunidad para reiterar su firme compromiso con un quehacer comunicacional que prioriza la transparencia y la pluralidad. Ya se destaca la importancia de cada programa emitido por Informe TV, que buscan no solo informar, sino tambi\u00e9n fomentar un di\u00e1logo abierto y constructivo entre los ciudadanos.<\/p>\n<p>El encuentro no solo fue una ocasi\u00f3n para celebrar los logros obtenidos durante el a\u00f1o 2024, sino tambi\u00e9n un momento para fortalecer lazos entre profesionales y l\u00edderes comunitarios. El ambiente festivo permiti\u00f3 a los asistentes disfrutar de un buen tiempo, lleno de risas y buenos deseos para el futuro.<\/p>\n<p>Desde el grupo de Medios La Rep\u00fablica, extendemos nuestras m\u00e1s sinceras felicitaciones a Mauricio Carpio y a todo su equipo por la exitosa actividad celebrada y por los importantes logros alcanzados en este a\u00f1o y que para el 2025, auguramos que con Dios mediante, puedan lograr otro periodo lleno de nuevas oportunidades y \u00e9xitos, siempre bajo la gu\u00eda de un periodismo responsable y comprometido con la verdad.<\/p>\n<p><img loading=\"lazy\" decoding=\"async\" class=\"alignnone size-medium wp-image-2402\" src=\"https:\/\/periodicolarepublica.com\/wp-content\/uploads\/2024\/12\/Picsart_24-12-22_05-01-41-760-1-300x241.jpg\" alt=\"\" width=\"300\" height=\"241\" \/><\/p>\n","protected":false},"excerpt":{"rendered":"<p>En un ambiente festivo y lleno de camarader\u00eda, Informe TV, la plataforma digital dirigida por el abogado y comunicador Mauricio Carpio, celebr\u00f3 su encuentro navide\u00f1o en el encantador entorno de Los Mogotes. Este evento reuni\u00f3 a destacados colegas de la comunicaci\u00f3n, l\u00edderes pol\u00edticos y personalidades del \u00e1mbito local, quienes compartieron un agradable momento marcado por [&hellip;]<\/p>\n","protected":false},"author":1,"featured_media":0,"comment_status":"open","ping_status":"open","sticky":false,"template":"","format":"standard","meta":{"om_disable_all_campaigns":false,"_monsterinsights_skip_tracking":false,"_monsterinsights_sitenote_active":false,"_monsterinsights_sitenote_note":"","_monsterinsights_sitenote_category":0,"footnotes":""},"categories":[1],"tags":[],"class_list":{"0":"post-2401","1":"post","2":"type-post","3":"status-publish","4":"format-standard","6":"category-nacionales"},"aioseo_notices":[],"_links":{"self":[{"href":"https:\/\/periodicolarepublica.com\/index.php\/wp-json\/wp\/v2\/posts\/2401","targetHints":{"allow":["GET"]}}],"collection":[{"href":"https:\/\/periodicolarepublica.com\/index.php\/wp-json\/wp\/v2\/posts"}],"about":[{"href":"https:\/\/periodicolarepublica.com\/index.php\/wp-json\/wp\/v2\/types\/post"}],"author":[{"embeddable":true,"href":"https:\/\/periodicolarepublica.com\/index.php\/wp-json\/wp\/v2\/users\/1"}],"replies":[{"embeddable":true,"href":"https:\/\/periodicolarepublica.com\/index.php\/wp-json\/wp\/v2\/comments?post=2401"}],"version-history":[{"count":1,"href":"https:\/\/periodicolarepublica.com\/index.php\/wp-json\/wp\/v2\/posts\/2401\/revisions"}],"predecessor-version":[{"id":2403,"href":"https:\/\/periodicolarepublica.com\/index.php\/wp-json\/wp\/v2\/posts\/2401\/revisions\/2403"}],"wp:attachment":[{"href":"https:\/\/periodicolarepublica.com\/index.php\/wp-json\/wp\/v2\/media?parent=2401"}],"wp:term":[{"taxonomy":"category","embeddable":true,"href":"https:\/\/periodicolarepublica.com\/index.php\/wp-json\/wp\/v2\/categories?post=2401"},{"taxonomy":"post_tag","embeddable":true,"href":"https:\/\/periodicolarepublica.com\/index.php\/wp-json\/wp\/v2\/tags?post=2401"}],"curies":[{"name":"wp","href":"https:\/\/api.w.org\/{rel}","templated":true}]}}