{"id":2404,"date":"2024-12-22T10:34:37","date_gmt":"2024-12-22T09:34:37","guid":{"rendered":"https:\/\/periodicolarepublica.com\/?p=2404"},"modified":"2024-12-22T10:34:37","modified_gmt":"2024-12-22T09:34:37","slug":"presidente-abinader-y-ministro-collado-entregan-el-remodelado-malecon-de-san-pedro-de-macoris","status":"publish","type":"post","link":"https:\/\/periodicolarepublica.com\/index.php\/2024\/12\/22\/presidente-abinader-y-ministro-collado-entregan-el-remodelado-malecon-de-san-pedro-de-macoris\/","title":{"rendered":"Presidente Abinader y ministro Collado entregan el remodelado malec\u00f3n de San Pedro de Macor\u00eds."},"content":{"rendered":"<p>&nbsp;<\/p>\n<p>El Ministerio de Turismo ha invertido en la provincia de San Pedro de Macor\u00eds m\u00e1s de RD$477 millones de pesos del 2021-2024<\/p>\n<p>San Pedro Macor\u00eds. -El presidente Luis Abinader y el ministro de Turismo, David Collado, entregaron este s\u00e1bado el remodelado malec\u00f3n de San Pedro de Macor\u00eds, reconstruido a un costo superior a los 290 millones de pesos.<\/p>\n<p>Esta intervenci\u00f3n consiste en la reconstrucci\u00f3n del litoral costero del malec\u00f3n de San Pedro de Macor\u00eds de 1.84 Kil\u00f3metros, creando un parque lineal con un \u00e1rea total de intervenci\u00f3n de 60,000 metros cuadrados, dentro de los cuales incluye 12,000 metros cuadrados de aceras.<\/p>\n<p>La misma consta de dos grandes \u00e1reas de esparcimiento, una zona de negocios que alberga 9 m\u00f3dulos de ventas doble, ba\u00f1os, caseta de vigilancia para Politur y su equipamiento para las \u00e1reas comunes.<\/p>\n<p>&nbsp;<\/p>\n<p><img loading=\"lazy\" decoding=\"async\" class=\"alignnone size-medium wp-image-2405\" src=\"https:\/\/periodicolarepublica.com\/wp-content\/uploads\/2024\/12\/IMG-20241221-WA0277-300x200.jpg\" alt=\"\" width=\"300\" height=\"200\" \/><\/p>\n","protected":false},"excerpt":{"rendered":"<p>&nbsp; El Ministerio de Turismo ha invertido en la provincia de San Pedro de Macor\u00eds m\u00e1s de RD$477 millones de pesos del 2021-2024 San Pedro Macor\u00eds. -El presidente Luis Abinader y el ministro de Turismo, David Collado, entregaron este s\u00e1bado el remodelado malec\u00f3n de San Pedro de Macor\u00eds, reconstruido a un costo superior a los [&hellip;]<\/p>\n","protected":false},"author":6,"featured_media":0,"comment_status":"open","ping_status":"open","sticky":false,"template":"","format":"standard","meta":{"om_disable_all_campaigns":false,"_monsterinsights_skip_tracking":false,"_monsterinsights_sitenote_active":false,"_monsterinsights_sitenote_note":"","_monsterinsights_sitenote_category":0,"footnotes":""},"categories":[1,20],"tags":[],"class_list":{"0":"post-2404","1":"post","2":"type-post","3":"status-publish","4":"format-standard","6":"category-nacionales","7":"category-turismo"},"aioseo_notices":[],"_links":{"self":[{"href":"https:\/\/periodicolarepublica.com\/index.php\/wp-json\/wp\/v2\/posts\/2404","targetHints":{"allow":["GET"]}}],"collection":[{"href":"https:\/\/periodicolarepublica.com\/index.php\/wp-json\/wp\/v2\/posts"}],"about":[{"href":"https:\/\/periodicolarepublica.com\/index.php\/wp-json\/wp\/v2\/types\/post"}],"author":[{"embeddable":true,"href":"https:\/\/periodicolarepublica.com\/index.php\/wp-json\/wp\/v2\/users\/6"}],"replies":[{"embeddable":true,"href":"https:\/\/periodicolarepublica.com\/index.php\/wp-json\/wp\/v2\/comments?post=2404"}],"version-history":[{"count":1,"href":"https:\/\/periodicolarepublica.com\/index.php\/wp-json\/wp\/v2\/posts\/2404\/revisions"}],"predecessor-version":[{"id":2406,"href":"https:\/\/periodicolarepublica.com\/index.php\/wp-json\/wp\/v2\/posts\/2404\/revisions\/2406"}],"wp:attachment":[{"href":"https:\/\/periodicolarepublica.com\/index.php\/wp-json\/wp\/v2\/media?parent=2404"}],"wp:term":[{"taxonomy":"category","embeddable":true,"href":"https:\/\/periodicolarepublica.com\/index.php\/wp-json\/wp\/v2\/categories?post=2404"},{"taxonomy":"post_tag","embeddable":true,"href":"https:\/\/periodicolarepublica.com\/index.php\/wp-json\/wp\/v2\/tags?post=2404"}],"curies":[{"name":"wp","href":"https:\/\/api.w.org\/{rel}","templated":true}]}}