{"id":2407,"date":"2024-12-22T10:39:13","date_gmt":"2024-12-22T09:39:13","guid":{"rendered":"https:\/\/periodicolarepublica.com\/?p=2407"},"modified":"2024-12-22T10:39:13","modified_gmt":"2024-12-22T09:39:13","slug":"primera-dama-entrega-ampliacion-de-emergencia-y-remozamiento-general-hospital-pedro-maria-santana","status":"publish","type":"post","link":"https:\/\/periodicolarepublica.com\/index.php\/2024\/12\/22\/primera-dama-entrega-ampliacion-de-emergencia-y-remozamiento-general-hospital-pedro-maria-santana\/","title":{"rendered":"Primera dama entrega ampliaci\u00f3n de Emergencia y remozamiento general Hospital Pedro Mar\u00eda Santana"},"content":{"rendered":"<p>&nbsp;<\/p>\n<p>San Pedro de Macor\u00eds. \u2013 Con el inter\u00e9s del Gobierno de aumentar la calidad de vida a la poblaci\u00f3n, la primera Raquel Arbaje, junto al director ejecutivo del Servicio Nacional de Salud(SNS), Mario Lama, entreg\u00f3 este viernes la ampliaci\u00f3n de la Emergencia y el remozamiento general del Hospital Municipal Pedro Mar\u00eda Santana, en el municipio Los Llanos.<\/p>\n<p>La primera dama Raquel Arbaje resalt\u00f3 como un logro, la democratizaci\u00f3n de la salud que hoy permite a casi la totalidad de los dominicanos y dominicanas el acceso a un seguro m\u00e9dico y a servicios como los ofrecidos por el programa Chequ\u00e9ateRD<\/p>\n<p>.<img loading=\"lazy\" decoding=\"async\" class=\"alignnone size-medium wp-image-2408\" src=\"https:\/\/periodicolarepublica.com\/wp-content\/uploads\/2024\/12\/original-931EF6BB-BFC2-4212-A88F-A5610AB56066-300x200.jpeg\" alt=\"\" width=\"300\" height=\"200\" srcset=\"https:\/\/periodicolarepublica.com\/wp-content\/uploads\/2024\/12\/original-931EF6BB-BFC2-4212-A88F-A5610AB56066-300x200.jpeg?v=1734860316 300w, https:\/\/periodicolarepublica.com\/wp-content\/uploads\/2024\/12\/original-931EF6BB-BFC2-4212-A88F-A5610AB56066-1024x682.jpeg?v=1734860316 1024w, https:\/\/periodicolarepublica.com\/wp-content\/uploads\/2024\/12\/original-931EF6BB-BFC2-4212-A88F-A5610AB56066-768x512.jpeg?v=1734860316 768w, https:\/\/periodicolarepublica.com\/wp-content\/uploads\/2024\/12\/original-931EF6BB-BFC2-4212-A88F-A5610AB56066-150x100.jpeg?v=1734860316 150w, https:\/\/periodicolarepublica.com\/wp-content\/uploads\/2024\/12\/original-931EF6BB-BFC2-4212-A88F-A5610AB56066-600x400.jpeg?v=1734860316 600w, https:\/\/periodicolarepublica.com\/wp-content\/uploads\/2024\/12\/original-931EF6BB-BFC2-4212-A88F-A5610AB56066-696x464.jpeg?v=1734860316 696w, https:\/\/periodicolarepublica.com\/wp-content\/uploads\/2024\/12\/original-931EF6BB-BFC2-4212-A88F-A5610AB56066-1068x712.jpeg?v=1734860316 1068w, https:\/\/periodicolarepublica.com\/wp-content\/uploads\/2024\/12\/original-931EF6BB-BFC2-4212-A88F-A5610AB56066.jpeg?v=1734860316 1280w\" sizes=\"auto, (max-width: 300px) 100vw, 300px\" \/><\/p>\n","protected":false},"excerpt":{"rendered":"<p>&nbsp; San Pedro de Macor\u00eds. \u2013 Con el inter\u00e9s del Gobierno de aumentar la calidad de vida a la poblaci\u00f3n, la primera Raquel Arbaje, junto al director ejecutivo del Servicio Nacional de Salud(SNS), Mario Lama, entreg\u00f3 este viernes la ampliaci\u00f3n de la Emergencia y el remozamiento general del Hospital Municipal Pedro Mar\u00eda Santana, en el [&hellip;]<\/p>\n","protected":false},"author":6,"featured_media":2408,"comment_status":"open","ping_status":"open","sticky":false,"template":"","format":"standard","meta":{"om_disable_all_campaigns":false,"_monsterinsights_skip_tracking":false,"_monsterinsights_sitenote_active":false,"_monsterinsights_sitenote_note":"","_monsterinsights_sitenote_category":0,"footnotes":""},"categories":[1,20],"tags":[],"class_list":{"0":"post-2407","1":"post","2":"type-post","3":"status-publish","4":"format-standard","5":"has-post-thumbnail","7":"category-nacionales","8":"category-turismo"},"aioseo_notices":[],"_links":{"self":[{"href":"https:\/\/periodicolarepublica.com\/index.php\/wp-json\/wp\/v2\/posts\/2407","targetHints":{"allow":["GET"]}}],"collection":[{"href":"https:\/\/periodicolarepublica.com\/index.php\/wp-json\/wp\/v2\/posts"}],"about":[{"href":"https:\/\/periodicolarepublica.com\/index.php\/wp-json\/wp\/v2\/types\/post"}],"author":[{"embeddable":true,"href":"https:\/\/periodicolarepublica.com\/index.php\/wp-json\/wp\/v2\/users\/6"}],"replies":[{"embeddable":true,"href":"https:\/\/periodicolarepublica.com\/index.php\/wp-json\/wp\/v2\/comments?post=2407"}],"version-history":[{"count":1,"href":"https:\/\/periodicolarepublica.com\/index.php\/wp-json\/wp\/v2\/posts\/2407\/revisions"}],"predecessor-version":[{"id":2409,"href":"https:\/\/periodicolarepublica.com\/index.php\/wp-json\/wp\/v2\/posts\/2407\/revisions\/2409"}],"wp:featuredmedia":[{"embeddable":true,"href":"https:\/\/periodicolarepublica.com\/index.php\/wp-json\/wp\/v2\/media\/2408"}],"wp:attachment":[{"href":"https:\/\/periodicolarepublica.com\/index.php\/wp-json\/wp\/v2\/media?parent=2407"}],"wp:term":[{"taxonomy":"category","embeddable":true,"href":"https:\/\/periodicolarepublica.com\/index.php\/wp-json\/wp\/v2\/categories?post=2407"},{"taxonomy":"post_tag","embeddable":true,"href":"https:\/\/periodicolarepublica.com\/index.php\/wp-json\/wp\/v2\/tags?post=2407"}],"curies":[{"name":"wp","href":"https:\/\/api.w.org\/{rel}","templated":true}]}}