{"id":2410,"date":"2024-12-22T10:43:19","date_gmt":"2024-12-22T09:43:19","guid":{"rendered":"https:\/\/periodicolarepublica.com\/?p=2410"},"modified":"2024-12-22T10:43:19","modified_gmt":"2024-12-22T09:43:19","slug":"propeep-comparte-almuerzo-navideno-con-cientos-de-familias-vulnerables-del-distrito-nacional","status":"publish","type":"post","link":"https:\/\/periodicolarepublica.com\/index.php\/2024\/12\/22\/propeep-comparte-almuerzo-navideno-con-cientos-de-familias-vulnerables-del-distrito-nacional\/","title":{"rendered":"Propeep comparte almuerzo navide\u00f1o con cientos de familias vulnerables del Distrito Nacional"},"content":{"rendered":"<p>Durante la actividad, realizada en el sector Villa Juana, Roberto \u00c1ngel resalt\u00f3 la determinaci\u00f3n del presidente Abinader de llevar alegr\u00eda en esta Navidad a los m\u00e1s vulnerables del pa\u00eds<\/p>\n<p>*Distrito Nacional, RD* En el marco del programa \u201cSabores de Navidad\u201d, la Direcci\u00f3n de Proyectos Estrat\u00e9gicos y Especiales de la Presidencia (Propeep) comparti\u00f3 este s\u00e1bado un almuerzo navide\u00f1o a cientos de capitale\u00f1os de escasos recursos, que se congregaron en el Club Mauricio B\u00e1ez, del sector Villa Juana, en el Distrito Nacional.<\/p>\n<p>Roberto \u00c1ngel Salcedo, director de la entidad, quien estuvo acompa\u00f1ado de sus hijas Miranda, Sof\u00eda y Ximena, al dirigirse a los presentes se\u00f1al\u00f3 que esa actividad es parte de las iniciativas sociales del Gobierno, con motivos de la Navidad, con las cuales busca llevar alegr\u00eda al pueblo dominicano, en especial a los m\u00e1s vulnerables<\/p>\n<p>\u00abEl prop\u00f3sito de estos almuerzos es que cada cuidamos comparta en armon\u00eda el esp\u00edritu de la \u00e9poca, que es de alegr\u00eda y de solidaridad \u00ab, expres\u00f3.<\/p>\n<p>El funcionario manifest\u00f3 que que la intenci\u00f3n no solo es compartir una comida, sino adem\u00e1s crear un espacio donde pueda compartiste en confraternidad y en unidad familiar.<\/p>\n<p>El director de Propeep resalt\u00f3 que esos almuerzos, que han sido llevados a diferentes localidades del pa\u00eds, son una muestra del compromiso del presidente Luis Abinader con las familias, sobre todo con las m\u00e1s pobres.<\/p>\n<p>Asegur\u00f3 que con esas acciones sociales contin\u00faan desarrollando programas que promueven la inclusi\u00f3n social de las comunidades de todo el territorio nacional.<\/p>\n<p>\u00abCon estos almuerzos nuestro gobierno ratifica su misi\u00f3n de impactar de forma positiva la vida de los dominicanos todo el a\u00f1os, pero mucho m\u00e1s en esta \u00e9poca de Navidad\u00bb, expuso.<\/p>\n<p>Roberto \u00c1ngel, aprovech\u00f3 la ocasi\u00f3n para exhortar al pueblo dominicano, y particularmente a los villajuaneros, a que disfruten la \u00e9poca de Navidad para compartir en familia, con amigos, pero con moderaci\u00f3n.<\/p>\n<p>En la actividad estuvieron presentes, la diputada Melina S\u00e1nchez; la Directora de Dominicana Digna, Madelen D\u00edaz, varios regidores de la alcald\u00eda del Distrito Nacional, as\u00ed como dirigentes comunitarios del populoso sector capitalino.<\/p>\n<p>Con este almuerzo, Propeep concluye el programa \u201cSabores de Navidad\u201d, desarrollado durante todo el mes de diciembre.<\/p>\n<figure id=\"attachment_2180\" aria-describedby=\"caption-attachment-2180\" style=\"width: 300px\" class=\"wp-caption alignnone\"><img loading=\"lazy\" decoding=\"async\" class=\"size-medium wp-image-2180\" src=\"https:\/\/periodicolarepublica.com\/wp-content\/uploads\/2024\/11\/IMG-20241123-WA0024-300x200.jpg\" alt=\"\" width=\"300\" height=\"200\" srcset=\"https:\/\/periodicolarepublica.com\/wp-content\/uploads\/2024\/11\/IMG-20241123-WA0024-300x200.jpg?v=1732393198 300w, https:\/\/periodicolarepublica.com\/wp-content\/uploads\/2024\/11\/IMG-20241123-WA0024-1024x684.jpg?v=1732393198 1024w, https:\/\/periodicolarepublica.com\/wp-content\/uploads\/2024\/11\/IMG-20241123-WA0024-768x513.jpg?v=1732393198 768w, https:\/\/periodicolarepublica.com\/wp-content\/uploads\/2024\/11\/IMG-20241123-WA0024-150x100.jpg?v=1732393198 150w, https:\/\/periodicolarepublica.com\/wp-content\/uploads\/2024\/11\/IMG-20241123-WA0024-600x401.jpg?v=1732393198 600w, https:\/\/periodicolarepublica.com\/wp-content\/uploads\/2024\/11\/IMG-20241123-WA0024-696x465.jpg?v=1732393198 696w, https:\/\/periodicolarepublica.com\/wp-content\/uploads\/2024\/11\/IMG-20241123-WA0024-1068x713.jpg?v=1732393198 1068w, https:\/\/periodicolarepublica.com\/wp-content\/uploads\/2024\/11\/IMG-20241123-WA0024.jpg?v=1732393198 1280w\" sizes=\"auto, (max-width: 300px) 100vw, 300px\" \/><figcaption id=\"caption-attachment-2180\" class=\"wp-caption-text\">Foto de Archivo<\/figcaption><\/figure>\n<p>*Direcci\u00f3n de Comunicaciones Propeep*<\/p>\n<p>21 de Diciembre, 2024<\/p>\n","protected":false},"excerpt":{"rendered":"<p>Durante la actividad, realizada en el sector Villa Juana, Roberto \u00c1ngel resalt\u00f3 la determinaci\u00f3n del presidente Abinader de llevar alegr\u00eda en esta Navidad a los m\u00e1s vulnerables del pa\u00eds *Distrito Nacional, RD* En el marco del programa \u201cSabores de Navidad\u201d, la Direcci\u00f3n de Proyectos Estrat\u00e9gicos y Especiales de la Presidencia (Propeep) comparti\u00f3 este s\u00e1bado un [&hellip;]<\/p>\n","protected":false},"author":6,"featured_media":2180,"comment_status":"open","ping_status":"open","sticky":false,"template":"","format":"standard","meta":{"om_disable_all_campaigns":false,"_monsterinsights_skip_tracking":false,"_monsterinsights_sitenote_active":false,"_monsterinsights_sitenote_note":"","_monsterinsights_sitenote_category":0,"footnotes":""},"categories":[1],"tags":[344],"class_list":{"0":"post-2410","1":"post","2":"type-post","3":"status-publish","4":"format-standard","5":"has-post-thumbnail","7":"category-nacionales","8":"tag-roberto-angel-salcedo"},"aioseo_notices":[],"_links":{"self":[{"href":"https:\/\/periodicolarepublica.com\/index.php\/wp-json\/wp\/v2\/posts\/2410","targetHints":{"allow":["GET"]}}],"collection":[{"href":"https:\/\/periodicolarepublica.com\/index.php\/wp-json\/wp\/v2\/posts"}],"about":[{"href":"https:\/\/periodicolarepublica.com\/index.php\/wp-json\/wp\/v2\/types\/post"}],"author":[{"embeddable":true,"href":"https:\/\/periodicolarepublica.com\/index.php\/wp-json\/wp\/v2\/users\/6"}],"replies":[{"embeddable":true,"href":"https:\/\/periodicolarepublica.com\/index.php\/wp-json\/wp\/v2\/comments?post=2410"}],"version-history":[{"count":1,"href":"https:\/\/periodicolarepublica.com\/index.php\/wp-json\/wp\/v2\/posts\/2410\/revisions"}],"predecessor-version":[{"id":2411,"href":"https:\/\/periodicolarepublica.com\/index.php\/wp-json\/wp\/v2\/posts\/2410\/revisions\/2411"}],"wp:featuredmedia":[{"embeddable":true,"href":"https:\/\/periodicolarepublica.com\/index.php\/wp-json\/wp\/v2\/media\/2180"}],"wp:attachment":[{"href":"https:\/\/periodicolarepublica.com\/index.php\/wp-json\/wp\/v2\/media?parent=2410"}],"wp:term":[{"taxonomy":"category","embeddable":true,"href":"https:\/\/periodicolarepublica.com\/index.php\/wp-json\/wp\/v2\/categories?post=2410"},{"taxonomy":"post_tag","embeddable":true,"href":"https:\/\/periodicolarepublica.com\/index.php\/wp-json\/wp\/v2\/tags?post=2410"}],"curies":[{"name":"wp","href":"https:\/\/api.w.org\/{rel}","templated":true}]}}