{"id":2412,"date":"2024-12-22T10:45:36","date_gmt":"2024-12-22T09:45:36","guid":{"rendered":"https:\/\/periodicolarepublica.com\/?p=2412"},"modified":"2024-12-22T10:45:36","modified_gmt":"2024-12-22T09:45:36","slug":"critica-de-cine-lucrecia-un-crimen-de-odio","status":"publish","type":"post","link":"https:\/\/periodicolarepublica.com\/index.php\/2024\/12\/22\/critica-de-cine-lucrecia-un-crimen-de-odio\/","title":{"rendered":"Cr\u00edtica de cine  Lucrecia, un crimen de odio"},"content":{"rendered":"<p style=\"text-align: left;\">El documental proyectado en Centro Cultural Banreservas, hace de los espectadores, c\u00f3mplices y dolientes ante un caso en el cual no hay espacio para las posturas intermedias, ni para las cartas inoportunas de la indiferencia.\u012b<\/p>\n<p>Jos\u00e9 Rafael Sosa<\/p>\n<p>El documental Lucrecia, un crimen de odio (David Cabrera y Garbi\u00f1e Arment\u00eda, 2024), adem\u00e1s de ser una muestra de la rica tradici\u00f3n espa\u00f1ola en el g\u00e9nero, se tiene una alta carga hist\u00f3rica, y un peso emotivo notable, al describir un hecho que estableci\u00f3 un precedente y que aport\u00f3 por parte de Rep\u00fablica Dominicana, la primera m\u00e1rtir de la xenofobia y el racismo en Europa. Se trata del asesinato en Aravaca, en noviembre de 1992, de la Lucrecia P\u00e9rez Matos.<\/p>\n<p><img loading=\"lazy\" decoding=\"async\" class=\"alignnone size-medium wp-image-2413\" src=\"https:\/\/periodicolarepublica.com\/wp-content\/uploads\/2024\/12\/Luis-el-asesino-de-Lucrecia-Perez-300x135.jpg\" alt=\"\" width=\"300\" height=\"135\" \/><\/p>\n","protected":false},"excerpt":{"rendered":"<p>El documental proyectado en Centro Cultural Banreservas, hace de los espectadores, c\u00f3mplices y dolientes ante un caso en el cual no hay espacio para las posturas intermedias, ni para las cartas inoportunas de la indiferencia.\u012b Jos\u00e9 Rafael Sosa El documental Lucrecia, un crimen de odio (David Cabrera y Garbi\u00f1e Arment\u00eda, 2024), adem\u00e1s de ser una [&hellip;]<\/p>\n","protected":false},"author":6,"featured_media":0,"comment_status":"open","ping_status":"open","sticky":false,"template":"","format":"standard","meta":{"om_disable_all_campaigns":false,"_monsterinsights_skip_tracking":false,"_monsterinsights_sitenote_active":false,"_monsterinsights_sitenote_note":"","_monsterinsights_sitenote_category":0,"footnotes":""},"categories":[1,165],"tags":[],"class_list":{"0":"post-2412","1":"post","2":"type-post","3":"status-publish","4":"format-standard","6":"category-nacionales","7":"category-sociales"},"aioseo_notices":[],"_links":{"self":[{"href":"https:\/\/periodicolarepublica.com\/index.php\/wp-json\/wp\/v2\/posts\/2412","targetHints":{"allow":["GET"]}}],"collection":[{"href":"https:\/\/periodicolarepublica.com\/index.php\/wp-json\/wp\/v2\/posts"}],"about":[{"href":"https:\/\/periodicolarepublica.com\/index.php\/wp-json\/wp\/v2\/types\/post"}],"author":[{"embeddable":true,"href":"https:\/\/periodicolarepublica.com\/index.php\/wp-json\/wp\/v2\/users\/6"}],"replies":[{"embeddable":true,"href":"https:\/\/periodicolarepublica.com\/index.php\/wp-json\/wp\/v2\/comments?post=2412"}],"version-history":[{"count":1,"href":"https:\/\/periodicolarepublica.com\/index.php\/wp-json\/wp\/v2\/posts\/2412\/revisions"}],"predecessor-version":[{"id":2414,"href":"https:\/\/periodicolarepublica.com\/index.php\/wp-json\/wp\/v2\/posts\/2412\/revisions\/2414"}],"wp:attachment":[{"href":"https:\/\/periodicolarepublica.com\/index.php\/wp-json\/wp\/v2\/media?parent=2412"}],"wp:term":[{"taxonomy":"category","embeddable":true,"href":"https:\/\/periodicolarepublica.com\/index.php\/wp-json\/wp\/v2\/categories?post=2412"},{"taxonomy":"post_tag","embeddable":true,"href":"https:\/\/periodicolarepublica.com\/index.php\/wp-json\/wp\/v2\/tags?post=2412"}],"curies":[{"name":"wp","href":"https:\/\/api.w.org\/{rel}","templated":true}]}}