{"id":2415,"date":"2024-12-22T10:52:25","date_gmt":"2024-12-22T09:52:25","guid":{"rendered":"https:\/\/periodicolarepublica.com\/?p=2415"},"modified":"2024-12-22T10:52:25","modified_gmt":"2024-12-22T09:52:25","slug":"raquel-pena-entrega-destacamento-y-encabeza-almuerzos-navidenos-con-policias-y-militares-en-santiago","status":"publish","type":"post","link":"https:\/\/periodicolarepublica.com\/index.php\/2024\/12\/22\/raquel-pena-entrega-destacamento-y-encabeza-almuerzos-navidenos-con-policias-y-militares-en-santiago\/","title":{"rendered":"Raquel Pe\u00f1a entrega destacamento y encabeza almuerzos navide\u00f1os con polic\u00edas y militares en Santiago"},"content":{"rendered":"<p>La vicepresidenta agradeci\u00f3 a cerca de 1,000 uniformados, con quienes comparti\u00f3, por su compromiso con la patria.<\/p>\n<p>Santiago, RD. \u2013 La vicepresidenta de la Rep\u00fablica, Raquel Pe\u00f1a, afirm\u00f3 este s\u00e1bado que el pa\u00eds avanza con firmeza en la mejora y efectividad de sus fuerzas policiales y militares, as\u00ed como de las condiciones de cada uno de sus miembros.<\/p>\n<p>\u201cEstamos avanzando en fortalecer la respuesta de nuestros agentes y, al mismo tiempo, renovar la confianza de los ciudadanos en la instituci\u00f3n y dignificando la labor policial y militar\u201d, destac\u00f3 Pe\u00f1a durante su agenda de trabajo por varios municipios de la provincia Santiago.<\/p>\n<p>La jornada de la vicemandataria incluy\u00f3 la inauguraci\u00f3n de un destacamento policial, almuerzos con cerca de 1,000 oficiales de la Polic\u00eda Nacional y miembros de las 2da Brigada de la 2da. Brigada de Infanter\u00eda del Ej\u00e9rcito Nacional, as\u00ed como una eucarist\u00eda de acci\u00f3n de gracias.<\/p>\n<p>En el caso de la edificaci\u00f3n policial, se trata de las instalaciones de la Supervisor\u00eda Zonal del municipio Pu\u00f1al, que tendr\u00e1 un impacto directo en la vida de m\u00e1s de 77,500 dominicanos y dominicanas.<\/p>\n<p>La vicepresidenta explic\u00f3 que esta obra forma parte de una estrategia nacional de seguridad ciudadana que, bajo el liderazgo del presidente Luis Abinader, ha fijado el proceso de reforma y modernizaci\u00f3n de la Polic\u00eda Nacional en el centro de las pol\u00edticas p\u00fablicas.<\/p>\n<p>\u201cEstamos entregando esta obra de hoy que viene a mejorar significativamente las condiciones de trabajo de nuestros agentes, permiti\u00e9ndoles desempe\u00f1ar sus funciones con la cercan\u00eda y la excelencia que nuestra gente merece\u201d, resalt\u00f3.<\/p>\n<p>Asimismo, la vicepresidenta subray\u00f3 que todos estos esfuerzos permiten seguir avanzando en fortalecer la respuesta de los agentes y, al mismo tiempo, renovar la confianza de los ciudadanos en la instituci\u00f3n.<\/p>\n<p>El destacamento de Pu\u00f1al consta de un \u00e1rea de construcci\u00f3n de 171.45 m2. y cuenta con c\u00e1rcel para hombres, c\u00e1rcel para mujeres, dormitorios de damas, ba\u00f1os, dep\u00f3sito de armas, recepci\u00f3n, sala de espera, oficina de recepci\u00f3n de denuncias, dormitorios de hombres, departamento de comandante, departamento DICRIM y dormitorio de comandante.<\/p>\n<p>*Almuerzos navide\u00f1os*<\/p>\n<p>Posteriormente Raquel Pe\u00f1a se traslad\u00f3 a la Direcci\u00f3n Regional Cibao Central de la Polic\u00eda Nacional y a la fortaleza \u201cGeneral de Divisi\u00f3n Fernando Valerio\u201d, asiento de la 2da. Brigada de Infanter\u00eda del Ej\u00e9rcito Nacional, donde almorz\u00f3 junto a 250 polic\u00edas y 800 soldados, respectivamente.<\/p>\n<p>A su llegada a los recintos, Pe\u00f1a fue recibida por el director general de la Polic\u00eda Nacional, Mayor General Ram\u00f3n Antonio Guzm\u00e1n Peralta, el ministro de Defensa, Teniente General Carlos Antonio Fern\u00e1ndez Onofre, ERD., y otros altos mandos.<\/p>\n<p>En el caso del hogar de los miembros del Ej\u00e9rcito que prestan servicio en la 2da. Brigada de Infanter\u00eda, all\u00ed se le rindieron honores de estilo.<\/p>\n<p>En ambos encuentros navide\u00f1os la vicepresidenta tom\u00f3 la palabra para agradecer y reconocer el sacrificio, compromiso y entrega de cada dominicano y dominicana que dedica su vida al servicio de la patria.<\/p>\n<p>\u201cAgradecemos el trabajo que ustedes vienen haciendo d\u00eda a d\u00eda y nos comprometemos a seguir acompa\u00f1\u00e1ndoles para que se sigan formando, escalando y subiendo en cada una de las metas que ustedes realmente se propongan. Cuenten con el gobierno de Luis Abinader, que nosotros contamos con ustedes\u201d, expres\u00f3.<\/p>\n<p>*Misa de acci\u00f3n de gracias*<\/p>\n<p>En el marco de su visita a Santiago, la vicemandataria tambi\u00e9n asisti\u00f3 a la eucarist\u00eda de acci\u00f3n de gracias del Grupo Estrella.<\/p>\n<p>Tras finalizar la ceremonia religiosa, el presidente del Grupo Estrella, Manuel Estrella, repas\u00f3 los principales logros del conglomerado que, seg\u00fan indic\u00f3, les han permitido consolidarse en los campos de la producci\u00f3n, finanzas y comercializaci\u00f3n de su oferta de servicios.<\/p>\n<p>Raquel Pe\u00f1a se sum\u00f3 a una lista de funcionarios del gobierno central y municipal, empresarios, personalidades de la provincia y el Cibao, as\u00ed como los empleados de las empresas.<\/p>\n<p><img loading=\"lazy\" decoding=\"async\" class=\"alignnone size-medium wp-image-1661\" src=\"https:\/\/periodicolarepublica.com\/wp-content\/uploads\/2024\/09\/IMG_20240910_061621-251x300.jpg\" alt=\"\" width=\"251\" height=\"300\" srcset=\"https:\/\/periodicolarepublica.com\/wp-content\/uploads\/2024\/09\/IMG_20240910_061621-251x300.jpg?v=1725967694 251w, https:\/\/periodicolarepublica.com\/wp-content\/uploads\/2024\/09\/IMG_20240910_061621-855x1024.jpg?v=1725967694 855w, https:\/\/periodicolarepublica.com\/wp-content\/uploads\/2024\/09\/IMG_20240910_061621-768x919.jpg?v=1725967694 768w, https:\/\/periodicolarepublica.com\/wp-content\/uploads\/2024\/09\/IMG_20240910_061621-150x180.jpg?v=1725967694 150w, https:\/\/periodicolarepublica.com\/wp-content\/uploads\/2024\/09\/IMG_20240910_061621-300x359.jpg?v=1725967694 300w, https:\/\/periodicolarepublica.com\/wp-content\/uploads\/2024\/09\/IMG_20240910_061621-600x718.jpg?v=1725967694 600w, https:\/\/periodicolarepublica.com\/wp-content\/uploads\/2024\/09\/IMG_20240910_061621-696x833.jpg?v=1725967694 696w, https:\/\/periodicolarepublica.com\/wp-content\/uploads\/2024\/09\/IMG_20240910_061621.jpg?v=1725967694 1035w\" sizes=\"auto, (max-width: 251px) 100vw, 251px\" \/><\/p>\n","protected":false},"excerpt":{"rendered":"<p>La vicepresidenta agradeci\u00f3 a cerca de 1,000 uniformados, con quienes comparti\u00f3, por su compromiso con la patria. Santiago, RD. \u2013 La vicepresidenta de la Rep\u00fablica, Raquel Pe\u00f1a, afirm\u00f3 este s\u00e1bado que el pa\u00eds avanza con firmeza en la mejora y efectividad de sus fuerzas policiales y militares, as\u00ed como de las condiciones de cada uno [&hellip;]<\/p>\n","protected":false},"author":6,"featured_media":1661,"comment_status":"open","ping_status":"open","sticky":false,"template":"","format":"standard","meta":{"om_disable_all_campaigns":false,"_monsterinsights_skip_tracking":false,"_monsterinsights_sitenote_active":false,"_monsterinsights_sitenote_note":"","_monsterinsights_sitenote_category":0,"footnotes":""},"categories":[1],"tags":[255],"class_list":{"0":"post-2415","1":"post","2":"type-post","3":"status-publish","4":"format-standard","5":"has-post-thumbnail","7":"category-nacionales","8":"tag-vicepresidenta-raquel"},"aioseo_notices":[],"_links":{"self":[{"href":"https:\/\/periodicolarepublica.com\/index.php\/wp-json\/wp\/v2\/posts\/2415","targetHints":{"allow":["GET"]}}],"collection":[{"href":"https:\/\/periodicolarepublica.com\/index.php\/wp-json\/wp\/v2\/posts"}],"about":[{"href":"https:\/\/periodicolarepublica.com\/index.php\/wp-json\/wp\/v2\/types\/post"}],"author":[{"embeddable":true,"href":"https:\/\/periodicolarepublica.com\/index.php\/wp-json\/wp\/v2\/users\/6"}],"replies":[{"embeddable":true,"href":"https:\/\/periodicolarepublica.com\/index.php\/wp-json\/wp\/v2\/comments?post=2415"}],"version-history":[{"count":1,"href":"https:\/\/periodicolarepublica.com\/index.php\/wp-json\/wp\/v2\/posts\/2415\/revisions"}],"predecessor-version":[{"id":2416,"href":"https:\/\/periodicolarepublica.com\/index.php\/wp-json\/wp\/v2\/posts\/2415\/revisions\/2416"}],"wp:featuredmedia":[{"embeddable":true,"href":"https:\/\/periodicolarepublica.com\/index.php\/wp-json\/wp\/v2\/media\/1661"}],"wp:attachment":[{"href":"https:\/\/periodicolarepublica.com\/index.php\/wp-json\/wp\/v2\/media?parent=2415"}],"wp:term":[{"taxonomy":"category","embeddable":true,"href":"https:\/\/periodicolarepublica.com\/index.php\/wp-json\/wp\/v2\/categories?post=2415"},{"taxonomy":"post_tag","embeddable":true,"href":"https:\/\/periodicolarepublica.com\/index.php\/wp-json\/wp\/v2\/tags?post=2415"}],"curies":[{"name":"wp","href":"https:\/\/api.w.org\/{rel}","templated":true}]}}