{"id":2417,"date":"2024-12-23T15:00:56","date_gmt":"2024-12-23T14:00:56","guid":{"rendered":"https:\/\/periodicolarepublica.com\/?p=2417"},"modified":"2024-12-23T15:00:56","modified_gmt":"2024-12-23T14:00:56","slug":"arajet-celebra-dos-anos-de-su-programa-de-responsabilidad-social-piloto-por-un-dia","status":"publish","type":"post","link":"https:\/\/periodicolarepublica.com\/index.php\/2024\/12\/23\/arajet-celebra-dos-anos-de-su-programa-de-responsabilidad-social-piloto-por-un-dia\/","title":{"rendered":"Arajet celebra dos a\u00f1os de su programa de responsabilidad social \u201cPiloto por un d\u00eda\u201d"},"content":{"rendered":"<p>La iniciativa motiva a ni\u00f1os y j\u00f3venes dominicanos a interesarse en la carrera de aviaci\u00f3n<\/p>\n<p>Santo Domingo. \u2013 . Arajet, la aerol\u00ednea de precios bajos del caribe celebr\u00f3 dos a\u00f1os de su iniciativa de responsabilidad social \u201cPiloto por un d\u00eda\u201d donde han recibido aproximadamente 1,000 ni\u00f1os y adolescentes de zonas vulnerables de Santo Domingo con el objetivo de crear una cultura educativa en los talentos dominicanos para motivar el inter\u00e9s por el mundo de la aviaci\u00f3n comercial.<\/p>\n<p>En esta edici\u00f3n conmemorativa participaron m\u00e1s 20 adolescentes del Liceo Emiliano Tejera de Salcedo, Provincia Hermanas Mirabal, quienes conocieron las distintas \u00e1reas de trabajo que integran la l\u00ednea a\u00e9rea para fomentar el inter\u00e9s educativo y profesional en \u00e1reas relacionadas a la aeron\u00e1utica para en un futuro ingresar a este mercado laboral.<\/p>\n<p>Victor Pacheco M\u00e9ndez, CEO &amp; Fundador de Arajet, expres\u00f3 que a trav\u00e9s de este proyecto buscan ofrecer la oportunidad que los ni\u00f1os y j\u00f3venes del pa\u00eds conozcan su aerol\u00ednea bandera y poder incentivarlos a prepararse acad\u00e9micamente para formar parte de esta l\u00ednea a\u00e9rea.<\/p>\n<p><img loading=\"lazy\" decoding=\"async\" class=\"alignnone size-medium wp-image-2418\" src=\"https:\/\/periodicolarepublica.com\/wp-content\/uploads\/2024\/12\/Ninos-del-Liceo-Emiliano-Tejera-comparten-con-la-tripulacion-de-Arajet-300x200.jpg\" alt=\"\" width=\"300\" height=\"200\" srcset=\"https:\/\/periodicolarepublica.com\/wp-content\/uploads\/2024\/12\/Ninos-del-Liceo-Emiliano-Tejera-comparten-con-la-tripulacion-de-Arajet-300x200.jpg?v=1734962421 300w, https:\/\/periodicolarepublica.com\/wp-content\/uploads\/2024\/12\/Ninos-del-Liceo-Emiliano-Tejera-comparten-con-la-tripulacion-de-Arajet-1024x683.jpg?v=1734962421 1024w, https:\/\/periodicolarepublica.com\/wp-content\/uploads\/2024\/12\/Ninos-del-Liceo-Emiliano-Tejera-comparten-con-la-tripulacion-de-Arajet-768x512.jpg?v=1734962421 768w, https:\/\/periodicolarepublica.com\/wp-content\/uploads\/2024\/12\/Ninos-del-Liceo-Emiliano-Tejera-comparten-con-la-tripulacion-de-Arajet-1536x1024.jpg?v=1734962421 1536w, https:\/\/periodicolarepublica.com\/wp-content\/uploads\/2024\/12\/Ninos-del-Liceo-Emiliano-Tejera-comparten-con-la-tripulacion-de-Arajet-2048x1365.jpg?v=1734962421 2048w, https:\/\/periodicolarepublica.com\/wp-content\/uploads\/2024\/12\/Ninos-del-Liceo-Emiliano-Tejera-comparten-con-la-tripulacion-de-Arajet-150x100.jpg?v=1734962421 150w, https:\/\/periodicolarepublica.com\/wp-content\/uploads\/2024\/12\/Ninos-del-Liceo-Emiliano-Tejera-comparten-con-la-tripulacion-de-Arajet-600x400.jpg?v=1734962421 600w, https:\/\/periodicolarepublica.com\/wp-content\/uploads\/2024\/12\/Ninos-del-Liceo-Emiliano-Tejera-comparten-con-la-tripulacion-de-Arajet-696x464.jpg?v=1734962421 696w, https:\/\/periodicolarepublica.com\/wp-content\/uploads\/2024\/12\/Ninos-del-Liceo-Emiliano-Tejera-comparten-con-la-tripulacion-de-Arajet-1392x928.jpg?v=1734962421 1392w, https:\/\/periodicolarepublica.com\/wp-content\/uploads\/2024\/12\/Ninos-del-Liceo-Emiliano-Tejera-comparten-con-la-tripulacion-de-Arajet-1068x712.jpg?v=1734962421 1068w, https:\/\/periodicolarepublica.com\/wp-content\/uploads\/2024\/12\/Ninos-del-Liceo-Emiliano-Tejera-comparten-con-la-tripulacion-de-Arajet-1920x1280.jpg?v=1734962421 1920w\" sizes=\"auto, (max-width: 300px) 100vw, 300px\" \/><\/p>\n","protected":false},"excerpt":{"rendered":"<p>La iniciativa motiva a ni\u00f1os y j\u00f3venes dominicanos a interesarse en la carrera de aviaci\u00f3n Santo Domingo. \u2013 . Arajet, la aerol\u00ednea de precios bajos del caribe celebr\u00f3 dos a\u00f1os de su iniciativa de responsabilidad social \u201cPiloto por un d\u00eda\u201d donde han recibido aproximadamente 1,000 ni\u00f1os y adolescentes de zonas vulnerables de Santo Domingo con [&hellip;]<\/p>\n","protected":false},"author":6,"featured_media":2418,"comment_status":"open","ping_status":"open","sticky":false,"template":"","format":"standard","meta":{"om_disable_all_campaigns":false,"_monsterinsights_skip_tracking":false,"_monsterinsights_sitenote_active":false,"_monsterinsights_sitenote_note":"","_monsterinsights_sitenote_category":0,"footnotes":""},"categories":[1,20],"tags":[],"class_list":{"0":"post-2417","1":"post","2":"type-post","3":"status-publish","4":"format-standard","5":"has-post-thumbnail","7":"category-nacionales","8":"category-turismo"},"aioseo_notices":[],"_links":{"self":[{"href":"https:\/\/periodicolarepublica.com\/index.php\/wp-json\/wp\/v2\/posts\/2417","targetHints":{"allow":["GET"]}}],"collection":[{"href":"https:\/\/periodicolarepublica.com\/index.php\/wp-json\/wp\/v2\/posts"}],"about":[{"href":"https:\/\/periodicolarepublica.com\/index.php\/wp-json\/wp\/v2\/types\/post"}],"author":[{"embeddable":true,"href":"https:\/\/periodicolarepublica.com\/index.php\/wp-json\/wp\/v2\/users\/6"}],"replies":[{"embeddable":true,"href":"https:\/\/periodicolarepublica.com\/index.php\/wp-json\/wp\/v2\/comments?post=2417"}],"version-history":[{"count":1,"href":"https:\/\/periodicolarepublica.com\/index.php\/wp-json\/wp\/v2\/posts\/2417\/revisions"}],"predecessor-version":[{"id":2419,"href":"https:\/\/periodicolarepublica.com\/index.php\/wp-json\/wp\/v2\/posts\/2417\/revisions\/2419"}],"wp:featuredmedia":[{"embeddable":true,"href":"https:\/\/periodicolarepublica.com\/index.php\/wp-json\/wp\/v2\/media\/2418"}],"wp:attachment":[{"href":"https:\/\/periodicolarepublica.com\/index.php\/wp-json\/wp\/v2\/media?parent=2417"}],"wp:term":[{"taxonomy":"category","embeddable":true,"href":"https:\/\/periodicolarepublica.com\/index.php\/wp-json\/wp\/v2\/categories?post=2417"},{"taxonomy":"post_tag","embeddable":true,"href":"https:\/\/periodicolarepublica.com\/index.php\/wp-json\/wp\/v2\/tags?post=2417"}],"curies":[{"name":"wp","href":"https:\/\/api.w.org\/{rel}","templated":true}]}}