{"id":2421,"date":"2024-12-24T16:13:26","date_gmt":"2024-12-24T15:13:26","guid":{"rendered":"https:\/\/periodicolarepublica.com\/?p=2421"},"modified":"2024-12-24T16:13:26","modified_gmt":"2024-12-24T15:13:26","slug":"el-ministro-de-salud-publica-dr-victor-atallah-hace-un-llamado-a-la-paz-y-la-union-familiar-en-esta-navidad","status":"publish","type":"post","link":"https:\/\/periodicolarepublica.com\/index.php\/2024\/12\/24\/el-ministro-de-salud-publica-dr-victor-atallah-hace-un-llamado-a-la-paz-y-la-union-familiar-en-esta-navidad\/","title":{"rendered":"El Ministro de Salud P\u00fablica Dr. V\u00edctor Atallah hace un llamado a la paz y la uni\u00f3n familiar en esta Navidad"},"content":{"rendered":"\r\n<p><img loading=\"lazy\" decoding=\"async\" class=\"size-medium wp-image-2254 alignright\" src=\"https:\/\/periodicolarepublica.com\/wp-content\/uploads\/2024\/12\/ales-mini-300x300.jpg\" alt=\"\" width=\"300\" height=\"300\" srcset=\"https:\/\/periodicolarepublica.com\/wp-content\/uploads\/2024\/12\/ales-mini-300x300.jpg?v=1733054193 300w, https:\/\/periodicolarepublica.com\/wp-content\/uploads\/2024\/12\/ales-mini-1024x1024.jpg?v=1733054193 1024w, https:\/\/periodicolarepublica.com\/wp-content\/uploads\/2024\/12\/ales-mini-150x150.jpg?v=1733054193 150w, https:\/\/periodicolarepublica.com\/wp-content\/uploads\/2024\/12\/ales-mini-768x768.jpg?v=1733054193 768w, https:\/\/periodicolarepublica.com\/wp-content\/uploads\/2024\/12\/ales-mini-600x600.jpg?v=1733054193 600w, https:\/\/periodicolarepublica.com\/wp-content\/uploads\/2024\/12\/ales-mini-696x696.jpg?v=1733054193 696w, https:\/\/periodicolarepublica.com\/wp-content\/uploads\/2024\/12\/ales-mini-1068x1068.jpg?v=1733054193 1068w, https:\/\/periodicolarepublica.com\/wp-content\/uploads\/2024\/12\/ales-mini.jpg?v=1733054193 1080w\" sizes=\"auto, (max-width: 300px) 100vw, 300px\" \/>Santo Domingo \u2013 El Ministro de Salud P\u00fablica, Dr. V\u00edctor Atallah, invita a la poblaci\u00f3n a celebrar una Nochebuena en familia, instando a todos a reflexionar sobre la importancia de la paz y la uni\u00f3n familiar en esta temporada navide\u00f1a y en el a\u00f1o nuevo.<br \/><br \/>\u201cEn esta \u00e9poca del a\u00f1o, es fundamental recordar el valor de estar juntos, de compartir y de fomentar la paz en nuestros hogares y comunidades. La Navidad es un momento propicio para fortalecer los lazos familiares y reflexionar sobre lo que realmente importa en nuestras vidas\u201d, expres\u00f3 el Dr. Atallah.<br \/><br \/>El Ministro tambi\u00e9n destac\u00f3 la importancia de cuidar la salud mental y emocional durante las festividades, sugiriendo que el tiempo en familia puede ser una excelente oportunidad para dialogar, apoyarse mutuamente y crear recuerdos significativos.<br \/><br \/>El Dr. Atallah concluy\u00f3 su mensaje deseando a todos los ciudadanos una Feliz Navidad y un pr\u00f3spero A\u00f1o Nuevo, lleno de alegr\u00eda, amor y bienestar.<\/p>\r\n<p>&nbsp;<\/p>\r\n","protected":false},"excerpt":{"rendered":"<p>Santo Domingo \u2013 El Ministro de Salud P\u00fablica, Dr. V\u00edctor Atallah, invita a la poblaci\u00f3n a celebrar una Nochebuena en familia, instando a todos a reflexionar sobre la importancia de la paz y la uni\u00f3n familiar en esta temporada navide\u00f1a y en el a\u00f1o nuevo. \u201cEn esta \u00e9poca del a\u00f1o, es fundamental recordar el valor [&hellip;]<\/p>\n","protected":false},"author":10,"featured_media":2254,"comment_status":"open","ping_status":"open","sticky":false,"template":"","format":"standard","meta":{"om_disable_all_campaigns":false,"_monsterinsights_skip_tracking":false,"_monsterinsights_sitenote_active":false,"_monsterinsights_sitenote_note":"","_monsterinsights_sitenote_category":0,"footnotes":""},"categories":[1],"tags":[161],"class_list":{"0":"post-2421","1":"post","2":"type-post","3":"status-publish","4":"format-standard","5":"has-post-thumbnail","7":"category-nacionales","8":"tag-victor-atallah"},"aioseo_notices":[],"_links":{"self":[{"href":"https:\/\/periodicolarepublica.com\/index.php\/wp-json\/wp\/v2\/posts\/2421","targetHints":{"allow":["GET"]}}],"collection":[{"href":"https:\/\/periodicolarepublica.com\/index.php\/wp-json\/wp\/v2\/posts"}],"about":[{"href":"https:\/\/periodicolarepublica.com\/index.php\/wp-json\/wp\/v2\/types\/post"}],"author":[{"embeddable":true,"href":"https:\/\/periodicolarepublica.com\/index.php\/wp-json\/wp\/v2\/users\/10"}],"replies":[{"embeddable":true,"href":"https:\/\/periodicolarepublica.com\/index.php\/wp-json\/wp\/v2\/comments?post=2421"}],"version-history":[{"count":2,"href":"https:\/\/periodicolarepublica.com\/index.php\/wp-json\/wp\/v2\/posts\/2421\/revisions"}],"predecessor-version":[{"id":2425,"href":"https:\/\/periodicolarepublica.com\/index.php\/wp-json\/wp\/v2\/posts\/2421\/revisions\/2425"}],"wp:featuredmedia":[{"embeddable":true,"href":"https:\/\/periodicolarepublica.com\/index.php\/wp-json\/wp\/v2\/media\/2254"}],"wp:attachment":[{"href":"https:\/\/periodicolarepublica.com\/index.php\/wp-json\/wp\/v2\/media?parent=2421"}],"wp:term":[{"taxonomy":"category","embeddable":true,"href":"https:\/\/periodicolarepublica.com\/index.php\/wp-json\/wp\/v2\/categories?post=2421"},{"taxonomy":"post_tag","embeddable":true,"href":"https:\/\/periodicolarepublica.com\/index.php\/wp-json\/wp\/v2\/tags?post=2421"}],"curies":[{"name":"wp","href":"https:\/\/api.w.org\/{rel}","templated":true}]}}